{"id":25443,"date":"2021-05-11T14:57:38","date_gmt":"2021-05-11T11:57:38","guid":{"rendered":"https:\/\/elcoline.fi\/?p=25443"},"modified":"2021-05-11T14:57:38","modified_gmt":"2021-05-11T11:57:38","slug":"elcolinelle-avautui-rannaton-markkina-marine-liiketoiminnan-hankkimisen-myota","status":"publish","type":"post","link":"https:\/\/elcoline.com\/fi\/elcolinelle-avautui-rannaton-markkina-marine-liiketoiminnan-hankkimisen-myota\/","title":{"rendered":"Elcolinelle avautui rannaton markkina marine-liiketoiminnan hankkimisen my\u00f6t\u00e4"},"content":{"rendered":"<p>Meriteollisuus on luonteeltaan erityisen kansainv\u00e4list\u00e4. Suomessa on vahva meriteollisuusklusteri, joka on kansantalouden kannaltakin merkitt\u00e4v\u00e4 vientiala ja ty\u00f6llist\u00e4j\u00e4.<\/p>\n<p>Caverion-yrityskaupan my\u00f6t\u00e4 Elcoline sai meriteollisuuden osaamiskeskuksen vahvistamaan monipuolista eri teollisuudenalojen erikoisosaamista ja kansainv\u00e4list\u00e4m\u00e4\u00e4n liiketoimintaa. Elcoline oli jo aikaisemmin toteuttanut meriteollisuuteen kunnossapitoa ja asennuksia ABB Marinelle. Nyt meriteollisuuden ydintiimi toimii Meyer Turku -telakalla ja sielt\u00e4 k\u00e4sin ymp\u00e4ri maailmaa.<\/p>\n<p>Elcoline Marine tuottaa meriteollisuudelle s\u00e4hk\u00f6varustelu- ja kokonaistoimitusprojekteja sek\u00e4 elinkaaripalveluita. Yksik\u00f6ss\u00e4 ty\u00f6skentelee noin 50 ammattilaista ja lis\u00e4\u00e4 ollaan palkkaamassa hyv\u00e4n tilauskannan ja Suomen meriteollisuuden valoisien n\u00e4kymien takia. Suomen telakoiden tilauskanta on pysynyt hyv\u00e4n\u00e4, vaikka korona on siirt\u00e4nyt joidenkin risteilij\u00f6iden valmistumisaikatauluja.<\/p>\n<h3>1. S\u00e4hk\u00f6varusteluprojektit<\/h3>\n<p>P\u00e4\u00e4konehuoneet<br \/>\nECR<br \/>\nOhjaamo<br \/>\nPumppuhuoneet<br \/>\nSeparaattorihuoneet<br \/>\nIncineraattorihuoneet<br \/>\nTankkialueet<br \/>\nTrusterihuoneet<br \/>\nP\u00e4\u00e4s\u00e4hk\u00f6njakeluhuoneet<br \/>\nK\u00e4ytt\u00f6\u00f6nottoty\u00f6t<br \/>\nYli 1000V asennukset<\/p>\n<h3>2. Kokonaistoimitusprojektit<\/h3>\n<p>Ilmanvaihtohuoneet<br \/>\nS\u00e4hk\u00f6njakeluhuoneet<br \/>\nSeparaattorihuoneet<br \/>\nPropulsiohuoneet<br \/>\nSaattol\u00e4mmitysj\u00e4rjestelm\u00e4t<\/p>\n<h3>3. Elinkaaripalvelut<\/h3>\n<p>ABB Azipod s\u00e4hk\u00f6iset ja mekaaniset huoltopalvelut<br \/>\nS\u00e4hk\u00f6iset huoltoty\u00f6t varustamoille<\/p>\n<p>&nbsp;<\/p>\n<p>Lue lis\u00e4ksi <a href=\"https:\/\/elcoline.fi\/tutustu-meri-markkuun-elcoline-marinen-liiketoimintajohtajaan\">juttu<\/a> Elcoline Marinen liiketoimintajohtajasta Markku Salosesta.<\/p>\n<p><a href=\"https:\/\/elcoline.fi\/tutustu-meri-markkuun-elcoline-marinen-liiketoimintajohtajaan\"><img loading=\"lazy\" decoding=\"async\" class=\"alignnone size-large wp-image-25447\" src=\"https:\/\/elcoline.fi\/wp-content\/uploads\/2021\/05\/Meri-Markku-Elcoline-Marine-Liiketoimintajohtaja-1024x576.jpg\" alt=\"Markku Salonen, Elcoline Marinen liiketoimintajohtaja\" width=\"1024\" height=\"576\" srcset=\"https:\/\/elcoline.com\/wp-content\/uploads\/2021\/05\/Meri-Markku-Elcoline-Marine-Liiketoimintajohtaja-1024x576.jpg 1024w, https:\/\/elcoline.com\/wp-content\/uploads\/2021\/05\/Meri-Markku-Elcoline-Marine-Liiketoimintajohtaja-300x169.jpg 300w, https:\/\/elcoline.com\/wp-content\/uploads\/2021\/05\/Meri-Markku-Elcoline-Marine-Liiketoimintajohtaja-768x432.jpg 768w, https:\/\/elcoline.com\/wp-content\/uploads\/2021\/05\/Meri-Markku-Elcoline-Marine-Liiketoimintajohtaja-1536x864.jpg 1536w, https:\/\/elcoline.com\/wp-content\/uploads\/2021\/05\/Meri-Markku-Elcoline-Marine-Liiketoimintajohtaja.jpg 1778w\" sizes=\"auto, (max-width: 1024px) 100vw, 1024px\" \/><\/a><\/p>\n<h2><a href=\"https:\/\/elcoline.fi\/tutustu-meri-markkuun-elcoline-marinen-liiketoimintajohtajaan\">Tutustu Meri-Markkuun, Elcoline Marinen liiketoimintajohtajaan<\/a><\/h2>\n<p><strong>Elcoline Marine -liiketoimintayksik\u00f6n ja meriteollisuuden osaamiskeskuksen vet\u00e4j\u00e4n\u00e4 toimii kokenut Markku Salonen. H\u00e4n on koulutukseltaan s\u00e4hk\u00f6insin\u00f6\u00f6ri&#8230;<\/strong><\/p>\n<p>Klikkaa <a href=\"https:\/\/elcoline.fi\/tutustu-meri-markkuun-elcoline-marinen-liiketoimintajohtajaan\">t\u00e4st\u00e4<\/a> lukeaksesi koko juttu.<\/p>\n","protected":false},"excerpt":{"rendered":"<p>Meriteollisuus on luonteeltaan erityisen kansainv\u00e4list\u00e4. Suomessa on vahva meriteollisuusklusteri, joka on kansantalouden kannaltakin merkitt\u00e4v\u00e4 vientiala ja ty\u00f6llist\u00e4j\u00e4. Caverion-yrityskaupan my\u00f6t\u00e4 Elcoline sai meriteollisuuden osaamiskeskuksen vahvistamaan monipuolista eri teollisuudenalojen erikoisosaamista ja kansainv\u00e4list\u00e4m\u00e4\u00e4n liiketoimintaa. Elcoline oli jo aikaisemmin toteuttanut meriteollisuuteen kunnossapitoa ja asennuksia ABB Marinelle. Nyt meriteollisuuden ydintiimi toimii Meyer Turku -telakalla ja sielt\u00e4 k\u00e4sin ymp\u00e4ri maailmaa. Elcoline [&hellip;]<\/p>\n","protected":false},"author":10,"featured_media":25444,"comment_status":"open","ping_status":"closed","sticky":false,"template":"","format":"standard","meta":{"footnotes":""},"categories":[50,51],"tags":[34,152,55,89,91,92],"class_list":["post-25443","post","type-post","status-publish","format-standard","has-post-thumbnail","hentry","category-suomi","category-yleinen","tag-elcoline","tag-laivanrakennus","tag-marine","tag-markku","tag-meriteollisuus","tag-salonen"],"yoast_head":"<!-- This site is optimized with the Yoast SEO plugin v27.5 - https:\/\/yoast.com\/product\/yoast-seo-wordpress\/ -->\n<title>Elcolinelle avautui rannaton markkina marine-liiketoiminnan hankkimisen my\u00f6t\u00e4 - Elcoline Group<\/title>\n<meta name=\"robots\" content=\"index, follow, max-snippet:-1, max-image-preview:large, max-video-preview:-1\" \/>\n<link rel=\"canonical\" href=\"https:\/\/elcoline.com\/fi\/elcolinelle-avautui-rannaton-markkina-marine-liiketoiminnan-hankkimisen-myota\/\" \/>\n<meta property=\"og:locale\" content=\"fi_FI\" \/>\n<meta property=\"og:type\" content=\"article\" \/>\n<meta property=\"og:title\" content=\"Elcolinelle avautui rannaton markkina marine-liiketoiminnan hankkimisen my\u00f6t\u00e4 - Elcoline Group\" \/>\n<meta property=\"og:description\" content=\"Meriteollisuus on luonteeltaan erityisen kansainv\u00e4list\u00e4. Suomessa on vahva meriteollisuusklusteri, joka on kansantalouden kannaltakin merkitt\u00e4v\u00e4 vientiala ja ty\u00f6llist\u00e4j\u00e4. Caverion-yrityskaupan my\u00f6t\u00e4 Elcoline sai meriteollisuuden osaamiskeskuksen vahvistamaan monipuolista eri teollisuudenalojen erikoisosaamista ja kansainv\u00e4list\u00e4m\u00e4\u00e4n liiketoimintaa. Elcoline oli jo aikaisemmin toteuttanut meriteollisuuteen kunnossapitoa ja asennuksia ABB Marinelle. Nyt meriteollisuuden ydintiimi toimii Meyer Turku -telakalla ja sielt\u00e4 k\u00e4sin ymp\u00e4ri maailmaa. Elcoline [&hellip;]\" \/>\n<meta property=\"og:url\" content=\"https:\/\/elcoline.com\/fi\/elcolinelle-avautui-rannaton-markkina-marine-liiketoiminnan-hankkimisen-myota\/\" \/>\n<meta property=\"og:site_name\" content=\"Elcoline Group\" \/>\n<meta property=\"article:published_time\" content=\"2021-05-11T11:57:38+00:00\" \/>\n<meta property=\"og:image\" content=\"https:\/\/elcoline.com\/wp-content\/uploads\/2021\/05\/Meri-Markku-Elcoline-Marine-Liiketoimintajohtaja.jpg\" \/>\n\t<meta property=\"og:image:width\" content=\"1778\" \/>\n\t<meta property=\"og:image:height\" content=\"1000\" \/>\n\t<meta property=\"og:image:type\" content=\"image\/jpeg\" \/>\n<meta name=\"author\" content=\"admin\" \/>\n<meta name=\"twitter:card\" content=\"summary_large_image\" \/>\n<meta name=\"twitter:label1\" content=\"Kirjoittanut\" \/>\n\t<meta name=\"twitter:data1\" content=\"admin\" \/>\n\t<meta name=\"twitter:label2\" content=\"Arvioitu lukuaika\" \/>\n\t<meta name=\"twitter:data2\" content=\"1 minuutti\" \/>\n<script type=\"application\/ld+json\" class=\"yoast-schema-graph\">{\"@context\":\"https:\\\/\\\/schema.org\",\"@graph\":[{\"@type\":\"Article\",\"@id\":\"https:\\\/\\\/elcoline.com\\\/fi\\\/elcolinelle-avautui-rannaton-markkina-marine-liiketoiminnan-hankkimisen-myota\\\/#article\",\"isPartOf\":{\"@id\":\"https:\\\/\\\/elcoline.com\\\/fi\\\/elcolinelle-avautui-rannaton-markkina-marine-liiketoiminnan-hankkimisen-myota\\\/\"},\"author\":{\"name\":\"admin\",\"@id\":\"https:\\\/\\\/elcoline.com\\\/fi\\\/#\\\/schema\\\/person\\\/cd5a31544c5e4cbdee87c0445c93ac99\"},\"headline\":\"Elcolinelle avautui rannaton markkina marine-liiketoiminnan hankkimisen my\u00f6t\u00e4\",\"datePublished\":\"2021-05-11T11:57:38+00:00\",\"mainEntityOfPage\":{\"@id\":\"https:\\\/\\\/elcoline.com\\\/fi\\\/elcolinelle-avautui-rannaton-markkina-marine-liiketoiminnan-hankkimisen-myota\\\/\"},\"wordCount\":211,\"commentCount\":0,\"image\":{\"@id\":\"https:\\\/\\\/elcoline.com\\\/fi\\\/elcolinelle-avautui-rannaton-markkina-marine-liiketoiminnan-hankkimisen-myota\\\/#primaryimage\"},\"thumbnailUrl\":\"\",\"keywords\":[\"Elcoline\",\"laivanrakennus\",\"marine\",\"markku\",\"meriteollisuus\",\"salonen\"],\"articleSection\":[\"suomi\"],\"inLanguage\":\"fi\",\"potentialAction\":[{\"@type\":\"CommentAction\",\"name\":\"Comment\",\"target\":[\"https:\\\/\\\/elcoline.com\\\/fi\\\/elcolinelle-avautui-rannaton-markkina-marine-liiketoiminnan-hankkimisen-myota\\\/#respond\"]}]},{\"@type\":\"WebPage\",\"@id\":\"https:\\\/\\\/elcoline.com\\\/fi\\\/elcolinelle-avautui-rannaton-markkina-marine-liiketoiminnan-hankkimisen-myota\\\/\",\"url\":\"https:\\\/\\\/elcoline.com\\\/fi\\\/elcolinelle-avautui-rannaton-markkina-marine-liiketoiminnan-hankkimisen-myota\\\/\",\"name\":\"Elcolinelle avautui rannaton markkina marine-liiketoiminnan hankkimisen my\u00f6t\u00e4 - Elcoline Group\",\"isPartOf\":{\"@id\":\"https:\\\/\\\/elcoline.com\\\/fi\\\/#website\"},\"primaryImageOfPage\":{\"@id\":\"https:\\\/\\\/elcoline.com\\\/fi\\\/elcolinelle-avautui-rannaton-markkina-marine-liiketoiminnan-hankkimisen-myota\\\/#primaryimage\"},\"image\":{\"@id\":\"https:\\\/\\\/elcoline.com\\\/fi\\\/elcolinelle-avautui-rannaton-markkina-marine-liiketoiminnan-hankkimisen-myota\\\/#primaryimage\"},\"thumbnailUrl\":\"\",\"datePublished\":\"2021-05-11T11:57:38+00:00\",\"author\":{\"@id\":\"https:\\\/\\\/elcoline.com\\\/fi\\\/#\\\/schema\\\/person\\\/cd5a31544c5e4cbdee87c0445c93ac99\"},\"breadcrumb\":{\"@id\":\"https:\\\/\\\/elcoline.com\\\/fi\\\/elcolinelle-avautui-rannaton-markkina-marine-liiketoiminnan-hankkimisen-myota\\\/#breadcrumb\"},\"inLanguage\":\"fi\",\"potentialAction\":[{\"@type\":\"ReadAction\",\"target\":[\"https:\\\/\\\/elcoline.com\\\/fi\\\/elcolinelle-avautui-rannaton-markkina-marine-liiketoiminnan-hankkimisen-myota\\\/\"]}]},{\"@type\":\"ImageObject\",\"inLanguage\":\"fi\",\"@id\":\"https:\\\/\\\/elcoline.com\\\/fi\\\/elcolinelle-avautui-rannaton-markkina-marine-liiketoiminnan-hankkimisen-myota\\\/#primaryimage\",\"url\":\"\",\"contentUrl\":\"\"},{\"@type\":\"WebSite\",\"@id\":\"https:\\\/\\\/elcoline.com\\\/fi\\\/#website\",\"url\":\"https:\\\/\\\/elcoline.com\\\/fi\\\/\",\"name\":\"Elcoline Group\",\"description\":\"\",\"potentialAction\":[{\"@type\":\"SearchAction\",\"target\":{\"@type\":\"EntryPoint\",\"urlTemplate\":\"https:\\\/\\\/elcoline.com\\\/fi\\\/?s={search_term_string}\"},\"query-input\":{\"@type\":\"PropertyValueSpecification\",\"valueRequired\":true,\"valueName\":\"search_term_string\"}}],\"inLanguage\":\"fi\"},{\"@type\":\"Person\",\"@id\":\"https:\\\/\\\/elcoline.com\\\/fi\\\/#\\\/schema\\\/person\\\/cd5a31544c5e4cbdee87c0445c93ac99\",\"name\":\"admin\",\"sameAs\":[\"https:\\\/\\\/elcoline.lndo.site\",\"admin\"],\"url\":\"https:\\\/\\\/elcoline.com\\\/fi\\\/author\\\/admin\\\/\"}]}<\/script>\n<!-- \/ Yoast SEO plugin. -->","yoast_head_json":{"title":"Elcolinelle avautui rannaton markkina marine-liiketoiminnan hankkimisen my\u00f6t\u00e4 - Elcoline Group","robots":{"index":"index","follow":"follow","max-snippet":"max-snippet:-1","max-image-preview":"max-image-preview:large","max-video-preview":"max-video-preview:-1"},"canonical":"https:\/\/elcoline.com\/fi\/elcolinelle-avautui-rannaton-markkina-marine-liiketoiminnan-hankkimisen-myota\/","og_locale":"fi_FI","og_type":"article","og_title":"Elcolinelle avautui rannaton markkina marine-liiketoiminnan hankkimisen my\u00f6t\u00e4 - Elcoline Group","og_description":"Meriteollisuus on luonteeltaan erityisen kansainv\u00e4list\u00e4. Suomessa on vahva meriteollisuusklusteri, joka on kansantalouden kannaltakin merkitt\u00e4v\u00e4 vientiala ja ty\u00f6llist\u00e4j\u00e4. Caverion-yrityskaupan my\u00f6t\u00e4 Elcoline sai meriteollisuuden osaamiskeskuksen vahvistamaan monipuolista eri teollisuudenalojen erikoisosaamista ja kansainv\u00e4list\u00e4m\u00e4\u00e4n liiketoimintaa. Elcoline oli jo aikaisemmin toteuttanut meriteollisuuteen kunnossapitoa ja asennuksia ABB Marinelle. Nyt meriteollisuuden ydintiimi toimii Meyer Turku -telakalla ja sielt\u00e4 k\u00e4sin ymp\u00e4ri maailmaa. Elcoline [&hellip;]","og_url":"https:\/\/elcoline.com\/fi\/elcolinelle-avautui-rannaton-markkina-marine-liiketoiminnan-hankkimisen-myota\/","og_site_name":"Elcoline Group","article_published_time":"2021-05-11T11:57:38+00:00","og_image":[{"width":1778,"height":1000,"url":"https:\/\/elcoline.com\/wp-content\/uploads\/2021\/05\/Meri-Markku-Elcoline-Marine-Liiketoimintajohtaja.jpg","type":"image\/jpeg"}],"author":"admin","twitter_card":"summary_large_image","twitter_misc":{"Kirjoittanut":"admin","Arvioitu lukuaika":"1 minuutti"},"schema":{"@context":"https:\/\/schema.org","@graph":[{"@type":"Article","@id":"https:\/\/elcoline.com\/fi\/elcolinelle-avautui-rannaton-markkina-marine-liiketoiminnan-hankkimisen-myota\/#article","isPartOf":{"@id":"https:\/\/elcoline.com\/fi\/elcolinelle-avautui-rannaton-markkina-marine-liiketoiminnan-hankkimisen-myota\/"},"author":{"name":"admin","@id":"https:\/\/elcoline.com\/fi\/#\/schema\/person\/cd5a31544c5e4cbdee87c0445c93ac99"},"headline":"Elcolinelle avautui rannaton markkina marine-liiketoiminnan hankkimisen my\u00f6t\u00e4","datePublished":"2021-05-11T11:57:38+00:00","mainEntityOfPage":{"@id":"https:\/\/elcoline.com\/fi\/elcolinelle-avautui-rannaton-markkina-marine-liiketoiminnan-hankkimisen-myota\/"},"wordCount":211,"commentCount":0,"image":{"@id":"https:\/\/elcoline.com\/fi\/elcolinelle-avautui-rannaton-markkina-marine-liiketoiminnan-hankkimisen-myota\/#primaryimage"},"thumbnailUrl":"","keywords":["Elcoline","laivanrakennus","marine","markku","meriteollisuus","salonen"],"articleSection":["suomi"],"inLanguage":"fi","potentialAction":[{"@type":"CommentAction","name":"Comment","target":["https:\/\/elcoline.com\/fi\/elcolinelle-avautui-rannaton-markkina-marine-liiketoiminnan-hankkimisen-myota\/#respond"]}]},{"@type":"WebPage","@id":"https:\/\/elcoline.com\/fi\/elcolinelle-avautui-rannaton-markkina-marine-liiketoiminnan-hankkimisen-myota\/","url":"https:\/\/elcoline.com\/fi\/elcolinelle-avautui-rannaton-markkina-marine-liiketoiminnan-hankkimisen-myota\/","name":"Elcolinelle avautui rannaton markkina marine-liiketoiminnan hankkimisen my\u00f6t\u00e4 - Elcoline Group","isPartOf":{"@id":"https:\/\/elcoline.com\/fi\/#website"},"primaryImageOfPage":{"@id":"https:\/\/elcoline.com\/fi\/elcolinelle-avautui-rannaton-markkina-marine-liiketoiminnan-hankkimisen-myota\/#primaryimage"},"image":{"@id":"https:\/\/elcoline.com\/fi\/elcolinelle-avautui-rannaton-markkina-marine-liiketoiminnan-hankkimisen-myota\/#primaryimage"},"thumbnailUrl":"","datePublished":"2021-05-11T11:57:38+00:00","author":{"@id":"https:\/\/elcoline.com\/fi\/#\/schema\/person\/cd5a31544c5e4cbdee87c0445c93ac99"},"breadcrumb":{"@id":"https:\/\/elcoline.com\/fi\/elcolinelle-avautui-rannaton-markkina-marine-liiketoiminnan-hankkimisen-myota\/#breadcrumb"},"inLanguage":"fi","potentialAction":[{"@type":"ReadAction","target":["https:\/\/elcoline.com\/fi\/elcolinelle-avautui-rannaton-markkina-marine-liiketoiminnan-hankkimisen-myota\/"]}]},{"@type":"ImageObject","inLanguage":"fi","@id":"https:\/\/elcoline.com\/fi\/elcolinelle-avautui-rannaton-markkina-marine-liiketoiminnan-hankkimisen-myota\/#primaryimage","url":"","contentUrl":""},{"@type":"WebSite","@id":"https:\/\/elcoline.com\/fi\/#website","url":"https:\/\/elcoline.com\/fi\/","name":"Elcoline Group","description":"","potentialAction":[{"@type":"SearchAction","target":{"@type":"EntryPoint","urlTemplate":"https:\/\/elcoline.com\/fi\/?s={search_term_string}"},"query-input":{"@type":"PropertyValueSpecification","valueRequired":true,"valueName":"search_term_string"}}],"inLanguage":"fi"},{"@type":"Person","@id":"https:\/\/elcoline.com\/fi\/#\/schema\/person\/cd5a31544c5e4cbdee87c0445c93ac99","name":"admin","sameAs":["https:\/\/elcoline.lndo.site","admin"],"url":"https:\/\/elcoline.com\/fi\/author\/admin\/"}]}},"pbg_featured_image_src":{"full":false,"thumbnail":false,"medium":false,"medium_large":false,"large":false,"1536x1536":false,"2048x2048":false},"pbg_author_info":{"display_name":"admin","author_link":"https:\/\/elcoline.com\/fi\/author\/admin\/","author_img":false},"pbg_comment_info":" No Comments","pbg_excerpt":"Meriteollisuus on luonteeltaan erityisen kansainv\u00e4list\u00e4. Suomessa on vahva meriteollisuusklusteri, joka on kansantalouden kannaltakin merkitt\u00e4v\u00e4 vientiala ja ty\u00f6llist\u00e4j\u00e4. Caverion-yrityskaupan my\u00f6t\u00e4 Elcoline sai meriteollisuuden osaamiskeskuksen vahvistamaan monipuolista eri teollisuudenalojen erikoisosaamista ja kansainv\u00e4list\u00e4m\u00e4\u00e4n liiketoimintaa. Elcoline oli jo aikaisemmin toteuttanut meriteollisuuteen kunnossapitoa ja asennuksia ABB Marinelle. Nyt meriteollisuuden ydintiimi toimii Meyer Turku -telakalla ja sielt\u00e4 k\u00e4sin ymp\u00e4ri maailmaa. Elcoline&hellip;","_links":{"self":[{"href":"https:\/\/elcoline.com\/fi\/wp-json\/wp\/v2\/posts\/25443","targetHints":{"allow":["GET"]}}],"collection":[{"href":"https:\/\/elcoline.com\/fi\/wp-json\/wp\/v2\/posts"}],"about":[{"href":"https:\/\/elcoline.com\/fi\/wp-json\/wp\/v2\/types\/post"}],"author":[{"embeddable":true,"href":"https:\/\/elcoline.com\/fi\/wp-json\/wp\/v2\/users\/10"}],"replies":[{"embeddable":true,"href":"https:\/\/elcoline.com\/fi\/wp-json\/wp\/v2\/comments?post=25443"}],"version-history":[{"count":0,"href":"https:\/\/elcoline.com\/fi\/wp-json\/wp\/v2\/posts\/25443\/revisions"}],"wp:featuredmedia":[{"embeddable":true,"href":"https:\/\/elcoline.com\/fi\/wp-json\/"}],"wp:attachment":[{"href":"https:\/\/elcoline.com\/fi\/wp-json\/wp\/v2\/media?parent=25443"}],"wp:term":[{"taxonomy":"category","embeddable":true,"href":"https:\/\/elcoline.com\/fi\/wp-json\/wp\/v2\/categories?post=25443"},{"taxonomy":"post_tag","embeddable":true,"href":"https:\/\/elcoline.com\/fi\/wp-json\/wp\/v2\/tags?post=25443"}],"curies":[{"name":"wp","href":"https:\/\/api.w.org\/{rel}","templated":true}]}}