{"id":34948,"date":"2023-05-09T10:27:23","date_gmt":"2023-05-09T07:27:23","guid":{"rendered":"https:\/\/elcoline.fi\/?p=34948"},"modified":"2023-05-09T10:27:23","modified_gmt":"2023-05-09T07:27:23","slug":"maria-bark-pettersson-elcoline-groupin-talousjohtajaksi-tavoitteeni-on-mahdollistaa-kasvu-vakailla-ja-turvatuilla-prosesseilla","status":"publish","type":"post","link":"https:\/\/elcoline.com\/fi\/maria-bark-pettersson-elcoline-groupin-talousjohtajaksi-tavoitteeni-on-mahdollistaa-kasvu-vakailla-ja-turvatuilla-prosesseilla\/","title":{"rendered":"Maria Bark Pettersson Elcoline Groupin talousjohtajaksi, &#8221;Tavoitteeni on mahdollistaa kasvu vakailla ja turvatuilla prosesseilla\u201d"},"content":{"rendered":"\n<p>Maria Bark Pettersson nimettiin Elcoline Groupin talousjohtajaksi joulukuussa 2022. Uusi ty\u00f6 on tuonut mukanaan uusia innostavia haasteita pohjoismaisella konsernitasolla kasvuun panostavassa organisaatiossa. Bark Pettersson jatkaa my\u00f6s Elcoline AB:n talousjohtajana Ruotsissa, jossa toimenkuva pysyy p\u00e4\u00e4osin muuttumattomana.<\/p>\n\n\n\n<h2 class=\"wp-block-heading\"><strong>Elcolinen vahva visio inspiroi<\/strong><\/h2>\n\n\n\n<p>\u2013 Uusien toimintatapojen k\u00e4ytt\u00f6\u00f6notto on nyt helpompaa, koska olemme luoneet toimivan mallin integraatioprosesseihin. Elcolinella on eritt\u00e4in vahva visio, ja on vaikuttavaa n\u00e4hd\u00e4, kuinka kaikki tekeminen Elcolinessa t\u00e4ht\u00e4\u00e4 t\u00e4m\u00e4n vision saavuttamiseen. Minulle henkil\u00f6kohtaisesti se on mahdollisuus kasvaa ja laajentaa my\u00f6s omaa osaamistani, Bark Pettersson sanoo.<\/p>\n\n\n\n<p>Elcolinen p\u00e4\u00e4paino on kasvaa ja tulla pohjoismaiseksi yritykseksi sek\u00e4 laajentaa suhteita ja liiketoimintaa olemassa olevien asiakkaiden kanssa, jotka toimivat sek\u00e4 Ruotsissa ett\u00e4 Suomessa.<\/p>\n\n\n\n<p>\u2013 On todella motivoivaa p\u00e4\u00e4st\u00e4 mukaan kasvuun keskittyv\u00e4\u00e4n yritykseen, jolla on selke\u00e4t tulevaisuuden tavoitteet. Tavoitteenani on edist\u00e4\u00e4 Elcolinen kasvua vakaasti ja turvatuin prosessein. Elcolinella on eritt\u00e4in osaava hallitus ja johto, ja olen ylpe\u00e4 saadessani olla osa t\u00e4t\u00e4 Elcoline-konsernia. Kaikki ovat toivottaneet sek\u00e4 minut ett\u00e4 muun Ruotsin tiimin eritt\u00e4in l\u00e4mpim\u00e4sti tervetulleeksi Elcolinelle.<\/p>\n\n\n\n<p>Bark Petterssonilla on pitk\u00e4 kokemus ty\u00f6skentelyst\u00e4 rahoituksen ja johdon parissa useilla eri toimialoilla \u2013 hotellihallinnon palveluliiketoiminnasta kansainv\u00e4liseen valmistusteollisuuteen ja kunnossapitoteollisuuteen.<\/p>\n\n\n\n<h2 class=\"wp-block-heading\"><strong>Bark Petterssonin perhe asuu pieness\u00e4 kyl\u00e4ss\u00e4 Ruotsissa ja rentoutuu yhdess\u00e4 urheillen ja matkustelemalla<\/strong><\/h2>\n\n\n\n<p>\u2013 Treenaaminen auttaa minua rentoutumaan ja samalla voimaan hyvin. Pid\u00e4n ryhm\u00e4liikunnasta, kuten jooga, HIIT ja step. Harrastan my\u00f6s juoksua ja pelaan golfia. Perheen kanssa matkustamme sek\u00e4 Ruotsissa ett\u00e4 ulkomailla, yrit\u00e4mme viett\u00e4\u00e4 pari viikkoa Espanjassa joka vuosi, h\u00e4n kertoo.<\/p>\n","protected":false},"excerpt":{"rendered":"<p>Maria Bark Pettersson nimettiin Elcoline Groupin talousjohtajaksi joulukuussa 2022. Uusi ty\u00f6 on tuonut mukanaan uusia innostavia haasteita pohjoismaisella konsernitasolla kasvuun panostavassa organisaatiossa. Bark Pettersson jatkaa my\u00f6s Elcoline AB:n talousjohtajana Ruotsissa, jossa toimenkuva pysyy p\u00e4\u00e4osin muuttumattomana. Elcolinen vahva visio inspiroi \u2013 Uusien toimintatapojen k\u00e4ytt\u00f6\u00f6notto on nyt helpompaa, koska olemme luoneet toimivan mallin integraatioprosesseihin. Elcolinella on eritt\u00e4in [&hellip;]<\/p>\n","protected":false},"author":3,"featured_media":35985,"comment_status":"open","ping_status":"closed","sticky":false,"template":"","format":"standard","meta":{"footnotes":""},"categories":[50,124],"tags":[],"class_list":["post-34948","post","type-post","status-publish","format-standard","has-post-thumbnail","hentry","category-suomi","category-uutinen"],"yoast_head":"<!-- This site is optimized with the Yoast SEO plugin v27.5 - https:\/\/yoast.com\/product\/yoast-seo-wordpress\/ -->\n<title>Maria Bark Pettersson Elcoline Groupin talousjohtajaksi, &quot;Tavoitteeni on mahdollistaa kasvu vakailla ja turvatuilla prosesseilla\u201d - Elcoline Group<\/title>\n<meta name=\"robots\" content=\"index, follow, max-snippet:-1, max-image-preview:large, max-video-preview:-1\" \/>\n<link rel=\"canonical\" href=\"https:\/\/elcoline.com\/fi\/maria-bark-pettersson-elcoline-groupin-talousjohtajaksi-tavoitteeni-on-mahdollistaa-kasvu-vakailla-ja-turvatuilla-prosesseilla\/\" \/>\n<meta property=\"og:locale\" content=\"fi_FI\" \/>\n<meta property=\"og:type\" content=\"article\" \/>\n<meta property=\"og:title\" content=\"Maria Bark Pettersson Elcoline Groupin talousjohtajaksi, &quot;Tavoitteeni on mahdollistaa kasvu vakailla ja turvatuilla prosesseilla\u201d - Elcoline Group\" \/>\n<meta property=\"og:description\" content=\"Maria Bark Pettersson nimettiin Elcoline Groupin talousjohtajaksi joulukuussa 2022. Uusi ty\u00f6 on tuonut mukanaan uusia innostavia haasteita pohjoismaisella konsernitasolla kasvuun panostavassa organisaatiossa. Bark Pettersson jatkaa my\u00f6s Elcoline AB:n talousjohtajana Ruotsissa, jossa toimenkuva pysyy p\u00e4\u00e4osin muuttumattomana. Elcolinen vahva visio inspiroi \u2013 Uusien toimintatapojen k\u00e4ytt\u00f6\u00f6notto on nyt helpompaa, koska olemme luoneet toimivan mallin integraatioprosesseihin. Elcolinella on eritt\u00e4in [&hellip;]\" \/>\n<meta property=\"og:url\" content=\"https:\/\/elcoline.com\/fi\/maria-bark-pettersson-elcoline-groupin-talousjohtajaksi-tavoitteeni-on-mahdollistaa-kasvu-vakailla-ja-turvatuilla-prosesseilla\/\" \/>\n<meta property=\"og:site_name\" content=\"Elcoline Group\" \/>\n<meta property=\"article:published_time\" content=\"2023-05-09T07:27:23+00:00\" \/>\n<meta name=\"author\" content=\"sini\" \/>\n<meta name=\"twitter:card\" content=\"summary_large_image\" \/>\n<meta name=\"twitter:label1\" content=\"Kirjoittanut\" \/>\n\t<meta name=\"twitter:data1\" content=\"sini\" \/>\n\t<meta name=\"twitter:label2\" content=\"Arvioitu lukuaika\" \/>\n\t<meta name=\"twitter:data2\" content=\"1 minuutti\" \/>\n<script type=\"application\/ld+json\" class=\"yoast-schema-graph\">{\"@context\":\"https:\\\/\\\/schema.org\",\"@graph\":[{\"@type\":\"Article\",\"@id\":\"https:\\\/\\\/elcoline.com\\\/fi\\\/maria-bark-pettersson-elcoline-groupin-talousjohtajaksi-tavoitteeni-on-mahdollistaa-kasvu-vakailla-ja-turvatuilla-prosesseilla\\\/#article\",\"isPartOf\":{\"@id\":\"https:\\\/\\\/elcoline.com\\\/fi\\\/maria-bark-pettersson-elcoline-groupin-talousjohtajaksi-tavoitteeni-on-mahdollistaa-kasvu-vakailla-ja-turvatuilla-prosesseilla\\\/\"},\"author\":{\"name\":\"sini\",\"@id\":\"https:\\\/\\\/elcoline.com\\\/fi\\\/#\\\/schema\\\/person\\\/87de24e6c96948362b697f808747d913\"},\"headline\":\"Maria Bark Pettersson Elcoline Groupin talousjohtajaksi, &#8221;Tavoitteeni on mahdollistaa kasvu vakailla ja turvatuilla prosesseilla\u201d\",\"datePublished\":\"2023-05-09T07:27:23+00:00\",\"mainEntityOfPage\":{\"@id\":\"https:\\\/\\\/elcoline.com\\\/fi\\\/maria-bark-pettersson-elcoline-groupin-talousjohtajaksi-tavoitteeni-on-mahdollistaa-kasvu-vakailla-ja-turvatuilla-prosesseilla\\\/\"},\"wordCount\":266,\"commentCount\":0,\"image\":{\"@id\":\"https:\\\/\\\/elcoline.com\\\/fi\\\/maria-bark-pettersson-elcoline-groupin-talousjohtajaksi-tavoitteeni-on-mahdollistaa-kasvu-vakailla-ja-turvatuilla-prosesseilla\\\/#primaryimage\"},\"thumbnailUrl\":\"https:\\\/\\\/elcoline.com\\\/wp-content\\\/uploads\\\/2023\\\/03\\\/Untitled_1.4.2_1-scaled-1.jpg\",\"articleSection\":[\"suomi\",\"UUTINEN\"],\"inLanguage\":\"fi\",\"potentialAction\":[{\"@type\":\"CommentAction\",\"name\":\"Comment\",\"target\":[\"https:\\\/\\\/elcoline.com\\\/fi\\\/maria-bark-pettersson-elcoline-groupin-talousjohtajaksi-tavoitteeni-on-mahdollistaa-kasvu-vakailla-ja-turvatuilla-prosesseilla\\\/#respond\"]}]},{\"@type\":\"WebPage\",\"@id\":\"https:\\\/\\\/elcoline.com\\\/fi\\\/maria-bark-pettersson-elcoline-groupin-talousjohtajaksi-tavoitteeni-on-mahdollistaa-kasvu-vakailla-ja-turvatuilla-prosesseilla\\\/\",\"url\":\"https:\\\/\\\/elcoline.com\\\/fi\\\/maria-bark-pettersson-elcoline-groupin-talousjohtajaksi-tavoitteeni-on-mahdollistaa-kasvu-vakailla-ja-turvatuilla-prosesseilla\\\/\",\"name\":\"Maria Bark Pettersson Elcoline Groupin talousjohtajaksi, \\\"Tavoitteeni on mahdollistaa kasvu vakailla ja turvatuilla prosesseilla\u201d - Elcoline Group\",\"isPartOf\":{\"@id\":\"https:\\\/\\\/elcoline.com\\\/fi\\\/#website\"},\"primaryImageOfPage\":{\"@id\":\"https:\\\/\\\/elcoline.com\\\/fi\\\/maria-bark-pettersson-elcoline-groupin-talousjohtajaksi-tavoitteeni-on-mahdollistaa-kasvu-vakailla-ja-turvatuilla-prosesseilla\\\/#primaryimage\"},\"image\":{\"@id\":\"https:\\\/\\\/elcoline.com\\\/fi\\\/maria-bark-pettersson-elcoline-groupin-talousjohtajaksi-tavoitteeni-on-mahdollistaa-kasvu-vakailla-ja-turvatuilla-prosesseilla\\\/#primaryimage\"},\"thumbnailUrl\":\"https:\\\/\\\/elcoline.com\\\/wp-content\\\/uploads\\\/2023\\\/03\\\/Untitled_1.4.2_1-scaled-1.jpg\",\"datePublished\":\"2023-05-09T07:27:23+00:00\",\"author\":{\"@id\":\"https:\\\/\\\/elcoline.com\\\/fi\\\/#\\\/schema\\\/person\\\/87de24e6c96948362b697f808747d913\"},\"breadcrumb\":{\"@id\":\"https:\\\/\\\/elcoline.com\\\/fi\\\/maria-bark-pettersson-elcoline-groupin-talousjohtajaksi-tavoitteeni-on-mahdollistaa-kasvu-vakailla-ja-turvatuilla-prosesseilla\\\/#breadcrumb\"},\"inLanguage\":\"fi\",\"potentialAction\":[{\"@type\":\"ReadAction\",\"target\":[\"https:\\\/\\\/elcoline.com\\\/fi\\\/maria-bark-pettersson-elcoline-groupin-talousjohtajaksi-tavoitteeni-on-mahdollistaa-kasvu-vakailla-ja-turvatuilla-prosesseilla\\\/\"]}]},{\"@type\":\"ImageObject\",\"inLanguage\":\"fi\",\"@id\":\"https:\\\/\\\/elcoline.com\\\/fi\\\/maria-bark-pettersson-elcoline-groupin-talousjohtajaksi-tavoitteeni-on-mahdollistaa-kasvu-vakailla-ja-turvatuilla-prosesseilla\\\/#primaryimage\",\"url\":\"https:\\\/\\\/elcoline.com\\\/wp-content\\\/uploads\\\/2023\\\/03\\\/Untitled_1.4.2_1-scaled-1.jpg\",\"contentUrl\":\"https:\\\/\\\/elcoline.com\\\/wp-content\\\/uploads\\\/2023\\\/03\\\/Untitled_1.4.2_1-scaled-1.jpg\",\"width\":2409,\"height\":2560},{\"@type\":\"WebSite\",\"@id\":\"https:\\\/\\\/elcoline.com\\\/fi\\\/#website\",\"url\":\"https:\\\/\\\/elcoline.com\\\/fi\\\/\",\"name\":\"Elcoline Group\",\"description\":\"\",\"potentialAction\":[{\"@type\":\"SearchAction\",\"target\":{\"@type\":\"EntryPoint\",\"urlTemplate\":\"https:\\\/\\\/elcoline.com\\\/fi\\\/?s={search_term_string}\"},\"query-input\":{\"@type\":\"PropertyValueSpecification\",\"valueRequired\":true,\"valueName\":\"search_term_string\"}}],\"inLanguage\":\"fi\"},{\"@type\":\"Person\",\"@id\":\"https:\\\/\\\/elcoline.com\\\/fi\\\/#\\\/schema\\\/person\\\/87de24e6c96948362b697f808747d913\",\"name\":\"sini\",\"url\":\"https:\\\/\\\/elcoline.com\\\/fi\\\/author\\\/sini\\\/\"}]}<\/script>\n<!-- \/ Yoast SEO plugin. -->","yoast_head_json":{"title":"Maria Bark Pettersson Elcoline Groupin talousjohtajaksi, \"Tavoitteeni on mahdollistaa kasvu vakailla ja turvatuilla prosesseilla\u201d - Elcoline Group","robots":{"index":"index","follow":"follow","max-snippet":"max-snippet:-1","max-image-preview":"max-image-preview:large","max-video-preview":"max-video-preview:-1"},"canonical":"https:\/\/elcoline.com\/fi\/maria-bark-pettersson-elcoline-groupin-talousjohtajaksi-tavoitteeni-on-mahdollistaa-kasvu-vakailla-ja-turvatuilla-prosesseilla\/","og_locale":"fi_FI","og_type":"article","og_title":"Maria Bark Pettersson Elcoline Groupin talousjohtajaksi, \"Tavoitteeni on mahdollistaa kasvu vakailla ja turvatuilla prosesseilla\u201d - Elcoline Group","og_description":"Maria Bark Pettersson nimettiin Elcoline Groupin talousjohtajaksi joulukuussa 2022. Uusi ty\u00f6 on tuonut mukanaan uusia innostavia haasteita pohjoismaisella konsernitasolla kasvuun panostavassa organisaatiossa. Bark Pettersson jatkaa my\u00f6s Elcoline AB:n talousjohtajana Ruotsissa, jossa toimenkuva pysyy p\u00e4\u00e4osin muuttumattomana. Elcolinen vahva visio inspiroi \u2013 Uusien toimintatapojen k\u00e4ytt\u00f6\u00f6notto on nyt helpompaa, koska olemme luoneet toimivan mallin integraatioprosesseihin. Elcolinella on eritt\u00e4in [&hellip;]","og_url":"https:\/\/elcoline.com\/fi\/maria-bark-pettersson-elcoline-groupin-talousjohtajaksi-tavoitteeni-on-mahdollistaa-kasvu-vakailla-ja-turvatuilla-prosesseilla\/","og_site_name":"Elcoline Group","article_published_time":"2023-05-09T07:27:23+00:00","author":"sini","twitter_card":"summary_large_image","twitter_misc":{"Kirjoittanut":"sini","Arvioitu lukuaika":"1 minuutti"},"schema":{"@context":"https:\/\/schema.org","@graph":[{"@type":"Article","@id":"https:\/\/elcoline.com\/fi\/maria-bark-pettersson-elcoline-groupin-talousjohtajaksi-tavoitteeni-on-mahdollistaa-kasvu-vakailla-ja-turvatuilla-prosesseilla\/#article","isPartOf":{"@id":"https:\/\/elcoline.com\/fi\/maria-bark-pettersson-elcoline-groupin-talousjohtajaksi-tavoitteeni-on-mahdollistaa-kasvu-vakailla-ja-turvatuilla-prosesseilla\/"},"author":{"name":"sini","@id":"https:\/\/elcoline.com\/fi\/#\/schema\/person\/87de24e6c96948362b697f808747d913"},"headline":"Maria Bark Pettersson Elcoline Groupin talousjohtajaksi, &#8221;Tavoitteeni on mahdollistaa kasvu vakailla ja turvatuilla prosesseilla\u201d","datePublished":"2023-05-09T07:27:23+00:00","mainEntityOfPage":{"@id":"https:\/\/elcoline.com\/fi\/maria-bark-pettersson-elcoline-groupin-talousjohtajaksi-tavoitteeni-on-mahdollistaa-kasvu-vakailla-ja-turvatuilla-prosesseilla\/"},"wordCount":266,"commentCount":0,"image":{"@id":"https:\/\/elcoline.com\/fi\/maria-bark-pettersson-elcoline-groupin-talousjohtajaksi-tavoitteeni-on-mahdollistaa-kasvu-vakailla-ja-turvatuilla-prosesseilla\/#primaryimage"},"thumbnailUrl":"https:\/\/elcoline.com\/wp-content\/uploads\/2023\/03\/Untitled_1.4.2_1-scaled-1.jpg","articleSection":["suomi","UUTINEN"],"inLanguage":"fi","potentialAction":[{"@type":"CommentAction","name":"Comment","target":["https:\/\/elcoline.com\/fi\/maria-bark-pettersson-elcoline-groupin-talousjohtajaksi-tavoitteeni-on-mahdollistaa-kasvu-vakailla-ja-turvatuilla-prosesseilla\/#respond"]}]},{"@type":"WebPage","@id":"https:\/\/elcoline.com\/fi\/maria-bark-pettersson-elcoline-groupin-talousjohtajaksi-tavoitteeni-on-mahdollistaa-kasvu-vakailla-ja-turvatuilla-prosesseilla\/","url":"https:\/\/elcoline.com\/fi\/maria-bark-pettersson-elcoline-groupin-talousjohtajaksi-tavoitteeni-on-mahdollistaa-kasvu-vakailla-ja-turvatuilla-prosesseilla\/","name":"Maria Bark Pettersson Elcoline Groupin talousjohtajaksi, \"Tavoitteeni on mahdollistaa kasvu vakailla ja turvatuilla prosesseilla\u201d - Elcoline Group","isPartOf":{"@id":"https:\/\/elcoline.com\/fi\/#website"},"primaryImageOfPage":{"@id":"https:\/\/elcoline.com\/fi\/maria-bark-pettersson-elcoline-groupin-talousjohtajaksi-tavoitteeni-on-mahdollistaa-kasvu-vakailla-ja-turvatuilla-prosesseilla\/#primaryimage"},"image":{"@id":"https:\/\/elcoline.com\/fi\/maria-bark-pettersson-elcoline-groupin-talousjohtajaksi-tavoitteeni-on-mahdollistaa-kasvu-vakailla-ja-turvatuilla-prosesseilla\/#primaryimage"},"thumbnailUrl":"https:\/\/elcoline.com\/wp-content\/uploads\/2023\/03\/Untitled_1.4.2_1-scaled-1.jpg","datePublished":"2023-05-09T07:27:23+00:00","author":{"@id":"https:\/\/elcoline.com\/fi\/#\/schema\/person\/87de24e6c96948362b697f808747d913"},"breadcrumb":{"@id":"https:\/\/elcoline.com\/fi\/maria-bark-pettersson-elcoline-groupin-talousjohtajaksi-tavoitteeni-on-mahdollistaa-kasvu-vakailla-ja-turvatuilla-prosesseilla\/#breadcrumb"},"inLanguage":"fi","potentialAction":[{"@type":"ReadAction","target":["https:\/\/elcoline.com\/fi\/maria-bark-pettersson-elcoline-groupin-talousjohtajaksi-tavoitteeni-on-mahdollistaa-kasvu-vakailla-ja-turvatuilla-prosesseilla\/"]}]},{"@type":"ImageObject","inLanguage":"fi","@id":"https:\/\/elcoline.com\/fi\/maria-bark-pettersson-elcoline-groupin-talousjohtajaksi-tavoitteeni-on-mahdollistaa-kasvu-vakailla-ja-turvatuilla-prosesseilla\/#primaryimage","url":"https:\/\/elcoline.com\/wp-content\/uploads\/2023\/03\/Untitled_1.4.2_1-scaled-1.jpg","contentUrl":"https:\/\/elcoline.com\/wp-content\/uploads\/2023\/03\/Untitled_1.4.2_1-scaled-1.jpg","width":2409,"height":2560},{"@type":"WebSite","@id":"https:\/\/elcoline.com\/fi\/#website","url":"https:\/\/elcoline.com\/fi\/","name":"Elcoline Group","description":"","potentialAction":[{"@type":"SearchAction","target":{"@type":"EntryPoint","urlTemplate":"https:\/\/elcoline.com\/fi\/?s={search_term_string}"},"query-input":{"@type":"PropertyValueSpecification","valueRequired":true,"valueName":"search_term_string"}}],"inLanguage":"fi"},{"@type":"Person","@id":"https:\/\/elcoline.com\/fi\/#\/schema\/person\/87de24e6c96948362b697f808747d913","name":"sini","url":"https:\/\/elcoline.com\/fi\/author\/sini\/"}]}},"pbg_featured_image_src":{"full":["https:\/\/elcoline.com\/wp-content\/uploads\/2023\/03\/Untitled_1.4.2_1-scaled-1.jpg",2409,2560,false],"thumbnail":["https:\/\/elcoline.com\/wp-content\/uploads\/2023\/03\/Untitled_1.4.2_1-scaled-1-150x150.jpg",150,150,true],"medium":["https:\/\/elcoline.com\/wp-content\/uploads\/2023\/03\/Untitled_1.4.2_1-scaled-1-282x300.jpg",282,300,true],"medium_large":["https:\/\/elcoline.com\/wp-content\/uploads\/2023\/03\/Untitled_1.4.2_1-scaled-1-768x816.jpg",768,816,true],"large":["https:\/\/elcoline.com\/wp-content\/uploads\/2023\/03\/Untitled_1.4.2_1-scaled-1-964x1024.jpg",964,1024,true],"1536x1536":["https:\/\/elcoline.com\/wp-content\/uploads\/2023\/03\/Untitled_1.4.2_1-scaled-1-1445x1536.jpg",1445,1536,true],"2048x2048":["https:\/\/elcoline.com\/wp-content\/uploads\/2023\/03\/Untitled_1.4.2_1-scaled-1-1927x2048.jpg",1927,2048,true]},"pbg_author_info":{"display_name":"sini","author_link":"https:\/\/elcoline.com\/fi\/author\/sini\/","author_img":false},"pbg_comment_info":" No Comments","pbg_excerpt":"Maria Bark Pettersson nimettiin Elcoline Groupin talousjohtajaksi joulukuussa 2022. Uusi ty\u00f6 on tuonut mukanaan uusia innostavia haasteita pohjoismaisella konsernitasolla kasvuun panostavassa organisaatiossa. Bark Pettersson jatkaa my\u00f6s Elcoline AB:n talousjohtajana Ruotsissa, jossa toimenkuva pysyy p\u00e4\u00e4osin muuttumattomana. Elcolinen vahva visio inspiroi \u2013 Uusien toimintatapojen k\u00e4ytt\u00f6\u00f6notto on nyt helpompaa, koska olemme luoneet toimivan mallin integraatioprosesseihin. Elcolinella on eritt\u00e4in&hellip;","_links":{"self":[{"href":"https:\/\/elcoline.com\/fi\/wp-json\/wp\/v2\/posts\/34948","targetHints":{"allow":["GET"]}}],"collection":[{"href":"https:\/\/elcoline.com\/fi\/wp-json\/wp\/v2\/posts"}],"about":[{"href":"https:\/\/elcoline.com\/fi\/wp-json\/wp\/v2\/types\/post"}],"author":[{"embeddable":true,"href":"https:\/\/elcoline.com\/fi\/wp-json\/wp\/v2\/users\/3"}],"replies":[{"embeddable":true,"href":"https:\/\/elcoline.com\/fi\/wp-json\/wp\/v2\/comments?post=34948"}],"version-history":[{"count":0,"href":"https:\/\/elcoline.com\/fi\/wp-json\/wp\/v2\/posts\/34948\/revisions"}],"wp:featuredmedia":[{"embeddable":true,"href":"https:\/\/elcoline.com\/fi\/wp-json\/wp\/v2\/media\/35985"}],"wp:attachment":[{"href":"https:\/\/elcoline.com\/fi\/wp-json\/wp\/v2\/media?parent=34948"}],"wp:term":[{"taxonomy":"category","embeddable":true,"href":"https:\/\/elcoline.com\/fi\/wp-json\/wp\/v2\/categories?post=34948"},{"taxonomy":"post_tag","embeddable":true,"href":"https:\/\/elcoline.com\/fi\/wp-json\/wp\/v2\/tags?post=34948"}],"curies":[{"name":"wp","href":"https:\/\/api.w.org\/{rel}","templated":true}]}}