{"id":36294,"date":"2023-05-22T11:46:52","date_gmt":"2023-05-22T08:46:52","guid":{"rendered":"https:\/\/elcoline.fi\/?p=36294"},"modified":"2023-05-22T11:46:52","modified_gmt":"2023-05-22T08:46:52","slug":"anders-karlen-aloitti-elcoline-abn-toimitusjohtajana-tammikuussa-kasvun-mahdollistaa-osaava-ja-tyostaan-nauttiva-henkilosto","status":"publish","type":"post","link":"https:\/\/elcoline.com\/fi\/anders-karlen-aloitti-elcoline-abn-toimitusjohtajana-tammikuussa-kasvun-mahdollistaa-osaava-ja-tyostaan-nauttiva-henkilosto\/","title":{"rendered":"Anders K\u00e1rlen aloitti Elcoline Ruotsin toimintojen toimitusjohtajana tammikuussa: &#8221;Kasvun mahdollistaa osaava ja ty\u00f6st\u00e4\u00e4n nauttiva henkil\u00f6st\u00f6&#8221;"},"content":{"rendered":"\n<p>Anders K\u00e1rlen aloitti Elcolinen Ruotsin toimintojen toimitusjohtajana kuluvan vuoden alussa. H\u00e4n on ty\u00f6skennellyt yhti\u00f6ss\u00e4 aiemmin muun muassa Business Controllerina vastuualueinaan HSEQ ja IT. K\u00e1rlenilla on monipuolinen tausta my\u00f6s teknologia-alan rahoitus-, osto- ja logistiikkateht\u00e4vist\u00e4 esimerkiksi Stora Enso Timberin sahalla, Nordic Paperissa ja Barilla Sverige AB:ssa. Lis\u00e4ksi h\u00e4nell\u00e4 on tutkinto taloustieteisiin ja matematiikkaan painottuen Karlstadin yliopistosta.<\/p>\n\n\n\n<p>\u201dK\u00e4yt\u00e4nn\u00f6n ty\u00f6kokemus useissa yrityksiss\u00e4 t\u00e4t\u00e4 ennen auttaa ymm\u00e4rt\u00e4m\u00e4\u00e4n asiakkaiden tarpeita ja heid\u00e4n toimintaymp\u00e4rist\u00f6\u00e4\u00e4n. Elcolinen yrityskaupan my\u00f6t\u00e4 meille on avautunut uudet markkinat. Keskitymme suuntaamaan jatkossa resurssejamme palvelemaan kaikkia Pohjoismaissa toimivia asiakkaitamme paikallisesti ja entist\u00e4kin kokonaisvaltaisemmin\u201d, K\u00e1rlen sanoo.<\/p>\n\n\n\n<p>Toimitusjohtajana h\u00e4n pit\u00e4\u00e4 t\u00e4rkeimp\u00e4n\u00e4 teht\u00e4v\u00e4n\u00e4\u00e4n panostaa henkil\u00f6st\u00f6\u00f6n niin asiakastyytyv\u00e4isyyden varmistamiseksi kuin kasvun ja kannattavuuden lis\u00e4\u00e4miseksi. Ilman hyvinvoivaa, motivoitunutta ja osaavaa henkil\u00f6st\u00f6\u00e4 n\u00e4it\u00e4 tavoitteita ei olisi mahdollista saavuttaa.<\/p>\n\n\n\n<p>\u201dOlen vaikuttunut yhti\u00f6n kasvusta ja tulevaisuuden suunnitelmista. On hienoa ty\u00f6skennell\u00e4 tiiviiss\u00e4 yhteisty\u00f6ss\u00e4 Elcolinen omistajien kanssa. Keskityn siihen, ett\u00e4 ty\u00f6ntekij\u00e4t haluavat pysy\u00e4 pitk\u00e4\u00e4n Elcoline AB:lla ja nauttivat ty\u00f6skentelyst\u00e4 meill\u00e4. Tavoitteenamme on jatkossakin kasvattaa talon sis\u00e4isi\u00e4 resursseja oikeanlaisella asiantuntemuksella. Henkil\u00f6st\u00f6mme teki vuodesta 2022 todella hyv\u00e4n ja olen sataprosenttisen varma, ett\u00e4 vuosi 2023 tulee olemaan viel\u00e4 parempi!\u201d<\/p>\n\n\n\n<p>Vaikka uusi rooli tuo enemm\u00e4n vastuuta, &#8221;hieno ura&#8221; ei ole koskaan ollut K\u00e1rlenille p\u00e4\u00e4asia.<\/p>\n\n\n\n<p>\u201dP\u00e4\u00e4motivaattorini on hauska ja haastava ty\u00f6, jonka uskon toteutuvan Elcolinessa. Teht\u00e4v\u00e4ss\u00e4 on juuri sopivasti haastetta ja se mahdollistaa minulle my\u00f6s henkil\u00f6kohtaisen kasvun, josta olen erityisen iloinen. Uusi rooli merkitsee huomattavasti aiempaa enemm\u00e4n vuorovaikutusta hallituksen ja suomalaisten kollegojemme kanssa. Osa operatiivisesta ty\u00f6st\u00e4ni s\u00e4ilyy kuitenkin ennallaan, samoin johtoryhm\u00e4, K\u00e1rlen sanoo.<\/p>\n\n\n\n<p>Vapaa-ajallaan Anders lataa akkujaan perheens\u00e4 kanssa V\u00e4nern-j\u00e4rven rannalla sijaitsevalla kes\u00e4m\u00f6kill\u00e4 ja viihtyy luonnossa.<\/p>\n\n\n\n<p>\u201dM\u00f6kki on kymmenen vuoden kehitysprojektini. Haluan viett\u00e4\u00e4 aikaani veneillen merell\u00e4 kes\u00e4isin ja hiiht\u00e4en vuorilla talvisin. Pyrin my\u00f6s treenaamaan juoksua, mutta aivan liian harvoin\u201d, h\u00e4n nauraa.<\/p>\n","protected":false},"excerpt":{"rendered":"<p>Anders K\u00e1rlen aloitti Elcolinen Ruotsin toimintojen toimitusjohtajana kuluvan vuoden alussa. H\u00e4n on ty\u00f6skennellyt yhti\u00f6ss\u00e4 aiemmin muun muassa Business Controllerina vastuualueinaan HSEQ ja IT. K\u00e1rlenilla on monipuolinen tausta my\u00f6s teknologia-alan rahoitus-, osto- ja logistiikkateht\u00e4vist\u00e4 esimerkiksi Stora Enso Timberin sahalla, Nordic Paperissa ja Barilla Sverige AB:ssa. Lis\u00e4ksi h\u00e4nell\u00e4 on tutkinto taloustieteisiin ja matematiikkaan painottuen Karlstadin yliopistosta. \u201dK\u00e4yt\u00e4nn\u00f6n [&hellip;]<\/p>\n","protected":false},"author":3,"featured_media":36295,"comment_status":"open","ping_status":"closed","sticky":false,"template":"","format":"standard","meta":{"footnotes":""},"categories":[50,51],"tags":[],"class_list":["post-36294","post","type-post","status-publish","format-standard","has-post-thumbnail","hentry","category-suomi","category-yleinen"],"yoast_head":"<!-- This site is optimized with the Yoast SEO plugin v27.5 - https:\/\/yoast.com\/product\/yoast-seo-wordpress\/ -->\n<title>Anders K\u00e1rlen aloitti Elcoline Ruotsin toimintojen toimitusjohtajana tammikuussa: &quot;Kasvun mahdollistaa osaava ja ty\u00f6st\u00e4\u00e4n nauttiva henkil\u00f6st\u00f6&quot; - Elcoline Group<\/title>\n<meta name=\"robots\" content=\"index, follow, max-snippet:-1, max-image-preview:large, max-video-preview:-1\" \/>\n<link rel=\"canonical\" href=\"https:\/\/elcoline.com\/fi\/anders-karlen-aloitti-elcoline-abn-toimitusjohtajana-tammikuussa-kasvun-mahdollistaa-osaava-ja-tyostaan-nauttiva-henkilosto\/\" \/>\n<meta property=\"og:locale\" content=\"fi_FI\" \/>\n<meta property=\"og:type\" content=\"article\" \/>\n<meta property=\"og:title\" content=\"Anders K\u00e1rlen aloitti Elcoline Ruotsin toimintojen toimitusjohtajana tammikuussa: &quot;Kasvun mahdollistaa osaava ja ty\u00f6st\u00e4\u00e4n nauttiva henkil\u00f6st\u00f6&quot; - Elcoline Group\" \/>\n<meta property=\"og:description\" content=\"Anders K\u00e1rlen aloitti Elcolinen Ruotsin toimintojen toimitusjohtajana kuluvan vuoden alussa. H\u00e4n on ty\u00f6skennellyt yhti\u00f6ss\u00e4 aiemmin muun muassa Business Controllerina vastuualueinaan HSEQ ja IT. K\u00e1rlenilla on monipuolinen tausta my\u00f6s teknologia-alan rahoitus-, osto- ja logistiikkateht\u00e4vist\u00e4 esimerkiksi Stora Enso Timberin sahalla, Nordic Paperissa ja Barilla Sverige AB:ssa. Lis\u00e4ksi h\u00e4nell\u00e4 on tutkinto taloustieteisiin ja matematiikkaan painottuen Karlstadin yliopistosta. \u201dK\u00e4yt\u00e4nn\u00f6n [&hellip;]\" \/>\n<meta property=\"og:url\" content=\"https:\/\/elcoline.com\/fi\/anders-karlen-aloitti-elcoline-abn-toimitusjohtajana-tammikuussa-kasvun-mahdollistaa-osaava-ja-tyostaan-nauttiva-henkilosto\/\" \/>\n<meta property=\"og:site_name\" content=\"Elcoline Group\" \/>\n<meta property=\"article:published_time\" content=\"2023-05-22T08:46:52+00:00\" \/>\n<meta name=\"author\" content=\"sini\" \/>\n<meta name=\"twitter:card\" content=\"summary_large_image\" \/>\n<meta name=\"twitter:label1\" content=\"Kirjoittanut\" \/>\n\t<meta name=\"twitter:data1\" content=\"sini\" \/>\n\t<meta name=\"twitter:label2\" content=\"Arvioitu lukuaika\" \/>\n\t<meta name=\"twitter:data2\" content=\"2 minuuttia\" \/>\n<script type=\"application\/ld+json\" class=\"yoast-schema-graph\">{\"@context\":\"https:\\\/\\\/schema.org\",\"@graph\":[{\"@type\":\"Article\",\"@id\":\"https:\\\/\\\/elcoline.com\\\/fi\\\/anders-karlen-aloitti-elcoline-abn-toimitusjohtajana-tammikuussa-kasvun-mahdollistaa-osaava-ja-tyostaan-nauttiva-henkilosto\\\/#article\",\"isPartOf\":{\"@id\":\"https:\\\/\\\/elcoline.com\\\/fi\\\/anders-karlen-aloitti-elcoline-abn-toimitusjohtajana-tammikuussa-kasvun-mahdollistaa-osaava-ja-tyostaan-nauttiva-henkilosto\\\/\"},\"author\":{\"name\":\"sini\",\"@id\":\"https:\\\/\\\/elcoline.com\\\/fi\\\/#\\\/schema\\\/person\\\/87de24e6c96948362b697f808747d913\"},\"headline\":\"Anders K\u00e1rlen aloitti Elcoline Ruotsin toimintojen toimitusjohtajana tammikuussa: &#8221;Kasvun mahdollistaa osaava ja ty\u00f6st\u00e4\u00e4n nauttiva henkil\u00f6st\u00f6&#8221;\",\"datePublished\":\"2023-05-22T08:46:52+00:00\",\"mainEntityOfPage\":{\"@id\":\"https:\\\/\\\/elcoline.com\\\/fi\\\/anders-karlen-aloitti-elcoline-abn-toimitusjohtajana-tammikuussa-kasvun-mahdollistaa-osaava-ja-tyostaan-nauttiva-henkilosto\\\/\"},\"wordCount\":358,\"commentCount\":0,\"image\":{\"@id\":\"https:\\\/\\\/elcoline.com\\\/fi\\\/anders-karlen-aloitti-elcoline-abn-toimitusjohtajana-tammikuussa-kasvun-mahdollistaa-osaava-ja-tyostaan-nauttiva-henkilosto\\\/#primaryimage\"},\"thumbnailUrl\":\"https:\\\/\\\/elcoline.com\\\/wp-content\\\/uploads\\\/2023\\\/05\\\/Anders_K-2-Suuri-3.jpeg\",\"articleSection\":[\"suomi\"],\"inLanguage\":\"fi\",\"potentialAction\":[{\"@type\":\"CommentAction\",\"name\":\"Comment\",\"target\":[\"https:\\\/\\\/elcoline.com\\\/fi\\\/anders-karlen-aloitti-elcoline-abn-toimitusjohtajana-tammikuussa-kasvun-mahdollistaa-osaava-ja-tyostaan-nauttiva-henkilosto\\\/#respond\"]}]},{\"@type\":\"WebPage\",\"@id\":\"https:\\\/\\\/elcoline.com\\\/fi\\\/anders-karlen-aloitti-elcoline-abn-toimitusjohtajana-tammikuussa-kasvun-mahdollistaa-osaava-ja-tyostaan-nauttiva-henkilosto\\\/\",\"url\":\"https:\\\/\\\/elcoline.com\\\/fi\\\/anders-karlen-aloitti-elcoline-abn-toimitusjohtajana-tammikuussa-kasvun-mahdollistaa-osaava-ja-tyostaan-nauttiva-henkilosto\\\/\",\"name\":\"Anders K\u00e1rlen aloitti Elcoline Ruotsin toimintojen toimitusjohtajana tammikuussa: \\\"Kasvun mahdollistaa osaava ja ty\u00f6st\u00e4\u00e4n nauttiva henkil\u00f6st\u00f6\\\" - Elcoline Group\",\"isPartOf\":{\"@id\":\"https:\\\/\\\/elcoline.com\\\/fi\\\/#website\"},\"primaryImageOfPage\":{\"@id\":\"https:\\\/\\\/elcoline.com\\\/fi\\\/anders-karlen-aloitti-elcoline-abn-toimitusjohtajana-tammikuussa-kasvun-mahdollistaa-osaava-ja-tyostaan-nauttiva-henkilosto\\\/#primaryimage\"},\"image\":{\"@id\":\"https:\\\/\\\/elcoline.com\\\/fi\\\/anders-karlen-aloitti-elcoline-abn-toimitusjohtajana-tammikuussa-kasvun-mahdollistaa-osaava-ja-tyostaan-nauttiva-henkilosto\\\/#primaryimage\"},\"thumbnailUrl\":\"https:\\\/\\\/elcoline.com\\\/wp-content\\\/uploads\\\/2023\\\/05\\\/Anders_K-2-Suuri-3.jpeg\",\"datePublished\":\"2023-05-22T08:46:52+00:00\",\"author\":{\"@id\":\"https:\\\/\\\/elcoline.com\\\/fi\\\/#\\\/schema\\\/person\\\/87de24e6c96948362b697f808747d913\"},\"breadcrumb\":{\"@id\":\"https:\\\/\\\/elcoline.com\\\/fi\\\/anders-karlen-aloitti-elcoline-abn-toimitusjohtajana-tammikuussa-kasvun-mahdollistaa-osaava-ja-tyostaan-nauttiva-henkilosto\\\/#breadcrumb\"},\"inLanguage\":\"fi\",\"potentialAction\":[{\"@type\":\"ReadAction\",\"target\":[\"https:\\\/\\\/elcoline.com\\\/fi\\\/anders-karlen-aloitti-elcoline-abn-toimitusjohtajana-tammikuussa-kasvun-mahdollistaa-osaava-ja-tyostaan-nauttiva-henkilosto\\\/\"]}]},{\"@type\":\"ImageObject\",\"inLanguage\":\"fi\",\"@id\":\"https:\\\/\\\/elcoline.com\\\/fi\\\/anders-karlen-aloitti-elcoline-abn-toimitusjohtajana-tammikuussa-kasvun-mahdollistaa-osaava-ja-tyostaan-nauttiva-henkilosto\\\/#primaryimage\",\"url\":\"https:\\\/\\\/elcoline.com\\\/wp-content\\\/uploads\\\/2023\\\/05\\\/Anders_K-2-Suuri-3.jpeg\",\"contentUrl\":\"https:\\\/\\\/elcoline.com\\\/wp-content\\\/uploads\\\/2023\\\/05\\\/Anders_K-2-Suuri-3.jpeg\",\"width\":1280,\"height\":910},{\"@type\":\"WebSite\",\"@id\":\"https:\\\/\\\/elcoline.com\\\/fi\\\/#website\",\"url\":\"https:\\\/\\\/elcoline.com\\\/fi\\\/\",\"name\":\"Elcoline Group\",\"description\":\"\",\"potentialAction\":[{\"@type\":\"SearchAction\",\"target\":{\"@type\":\"EntryPoint\",\"urlTemplate\":\"https:\\\/\\\/elcoline.com\\\/fi\\\/?s={search_term_string}\"},\"query-input\":{\"@type\":\"PropertyValueSpecification\",\"valueRequired\":true,\"valueName\":\"search_term_string\"}}],\"inLanguage\":\"fi\"},{\"@type\":\"Person\",\"@id\":\"https:\\\/\\\/elcoline.com\\\/fi\\\/#\\\/schema\\\/person\\\/87de24e6c96948362b697f808747d913\",\"name\":\"sini\",\"url\":\"https:\\\/\\\/elcoline.com\\\/fi\\\/author\\\/sini\\\/\"}]}<\/script>\n<!-- \/ Yoast SEO plugin. -->","yoast_head_json":{"title":"Anders K\u00e1rlen aloitti Elcoline Ruotsin toimintojen toimitusjohtajana tammikuussa: \"Kasvun mahdollistaa osaava ja ty\u00f6st\u00e4\u00e4n nauttiva henkil\u00f6st\u00f6\" - Elcoline Group","robots":{"index":"index","follow":"follow","max-snippet":"max-snippet:-1","max-image-preview":"max-image-preview:large","max-video-preview":"max-video-preview:-1"},"canonical":"https:\/\/elcoline.com\/fi\/anders-karlen-aloitti-elcoline-abn-toimitusjohtajana-tammikuussa-kasvun-mahdollistaa-osaava-ja-tyostaan-nauttiva-henkilosto\/","og_locale":"fi_FI","og_type":"article","og_title":"Anders K\u00e1rlen aloitti Elcoline Ruotsin toimintojen toimitusjohtajana tammikuussa: \"Kasvun mahdollistaa osaava ja ty\u00f6st\u00e4\u00e4n nauttiva henkil\u00f6st\u00f6\" - Elcoline Group","og_description":"Anders K\u00e1rlen aloitti Elcolinen Ruotsin toimintojen toimitusjohtajana kuluvan vuoden alussa. H\u00e4n on ty\u00f6skennellyt yhti\u00f6ss\u00e4 aiemmin muun muassa Business Controllerina vastuualueinaan HSEQ ja IT. K\u00e1rlenilla on monipuolinen tausta my\u00f6s teknologia-alan rahoitus-, osto- ja logistiikkateht\u00e4vist\u00e4 esimerkiksi Stora Enso Timberin sahalla, Nordic Paperissa ja Barilla Sverige AB:ssa. Lis\u00e4ksi h\u00e4nell\u00e4 on tutkinto taloustieteisiin ja matematiikkaan painottuen Karlstadin yliopistosta. \u201dK\u00e4yt\u00e4nn\u00f6n [&hellip;]","og_url":"https:\/\/elcoline.com\/fi\/anders-karlen-aloitti-elcoline-abn-toimitusjohtajana-tammikuussa-kasvun-mahdollistaa-osaava-ja-tyostaan-nauttiva-henkilosto\/","og_site_name":"Elcoline Group","article_published_time":"2023-05-22T08:46:52+00:00","author":"sini","twitter_card":"summary_large_image","twitter_misc":{"Kirjoittanut":"sini","Arvioitu lukuaika":"2 minuuttia"},"schema":{"@context":"https:\/\/schema.org","@graph":[{"@type":"Article","@id":"https:\/\/elcoline.com\/fi\/anders-karlen-aloitti-elcoline-abn-toimitusjohtajana-tammikuussa-kasvun-mahdollistaa-osaava-ja-tyostaan-nauttiva-henkilosto\/#article","isPartOf":{"@id":"https:\/\/elcoline.com\/fi\/anders-karlen-aloitti-elcoline-abn-toimitusjohtajana-tammikuussa-kasvun-mahdollistaa-osaava-ja-tyostaan-nauttiva-henkilosto\/"},"author":{"name":"sini","@id":"https:\/\/elcoline.com\/fi\/#\/schema\/person\/87de24e6c96948362b697f808747d913"},"headline":"Anders K\u00e1rlen aloitti Elcoline Ruotsin toimintojen toimitusjohtajana tammikuussa: &#8221;Kasvun mahdollistaa osaava ja ty\u00f6st\u00e4\u00e4n nauttiva henkil\u00f6st\u00f6&#8221;","datePublished":"2023-05-22T08:46:52+00:00","mainEntityOfPage":{"@id":"https:\/\/elcoline.com\/fi\/anders-karlen-aloitti-elcoline-abn-toimitusjohtajana-tammikuussa-kasvun-mahdollistaa-osaava-ja-tyostaan-nauttiva-henkilosto\/"},"wordCount":358,"commentCount":0,"image":{"@id":"https:\/\/elcoline.com\/fi\/anders-karlen-aloitti-elcoline-abn-toimitusjohtajana-tammikuussa-kasvun-mahdollistaa-osaava-ja-tyostaan-nauttiva-henkilosto\/#primaryimage"},"thumbnailUrl":"https:\/\/elcoline.com\/wp-content\/uploads\/2023\/05\/Anders_K-2-Suuri-3.jpeg","articleSection":["suomi"],"inLanguage":"fi","potentialAction":[{"@type":"CommentAction","name":"Comment","target":["https:\/\/elcoline.com\/fi\/anders-karlen-aloitti-elcoline-abn-toimitusjohtajana-tammikuussa-kasvun-mahdollistaa-osaava-ja-tyostaan-nauttiva-henkilosto\/#respond"]}]},{"@type":"WebPage","@id":"https:\/\/elcoline.com\/fi\/anders-karlen-aloitti-elcoline-abn-toimitusjohtajana-tammikuussa-kasvun-mahdollistaa-osaava-ja-tyostaan-nauttiva-henkilosto\/","url":"https:\/\/elcoline.com\/fi\/anders-karlen-aloitti-elcoline-abn-toimitusjohtajana-tammikuussa-kasvun-mahdollistaa-osaava-ja-tyostaan-nauttiva-henkilosto\/","name":"Anders K\u00e1rlen aloitti Elcoline Ruotsin toimintojen toimitusjohtajana tammikuussa: \"Kasvun mahdollistaa osaava ja ty\u00f6st\u00e4\u00e4n nauttiva henkil\u00f6st\u00f6\" - Elcoline Group","isPartOf":{"@id":"https:\/\/elcoline.com\/fi\/#website"},"primaryImageOfPage":{"@id":"https:\/\/elcoline.com\/fi\/anders-karlen-aloitti-elcoline-abn-toimitusjohtajana-tammikuussa-kasvun-mahdollistaa-osaava-ja-tyostaan-nauttiva-henkilosto\/#primaryimage"},"image":{"@id":"https:\/\/elcoline.com\/fi\/anders-karlen-aloitti-elcoline-abn-toimitusjohtajana-tammikuussa-kasvun-mahdollistaa-osaava-ja-tyostaan-nauttiva-henkilosto\/#primaryimage"},"thumbnailUrl":"https:\/\/elcoline.com\/wp-content\/uploads\/2023\/05\/Anders_K-2-Suuri-3.jpeg","datePublished":"2023-05-22T08:46:52+00:00","author":{"@id":"https:\/\/elcoline.com\/fi\/#\/schema\/person\/87de24e6c96948362b697f808747d913"},"breadcrumb":{"@id":"https:\/\/elcoline.com\/fi\/anders-karlen-aloitti-elcoline-abn-toimitusjohtajana-tammikuussa-kasvun-mahdollistaa-osaava-ja-tyostaan-nauttiva-henkilosto\/#breadcrumb"},"inLanguage":"fi","potentialAction":[{"@type":"ReadAction","target":["https:\/\/elcoline.com\/fi\/anders-karlen-aloitti-elcoline-abn-toimitusjohtajana-tammikuussa-kasvun-mahdollistaa-osaava-ja-tyostaan-nauttiva-henkilosto\/"]}]},{"@type":"ImageObject","inLanguage":"fi","@id":"https:\/\/elcoline.com\/fi\/anders-karlen-aloitti-elcoline-abn-toimitusjohtajana-tammikuussa-kasvun-mahdollistaa-osaava-ja-tyostaan-nauttiva-henkilosto\/#primaryimage","url":"https:\/\/elcoline.com\/wp-content\/uploads\/2023\/05\/Anders_K-2-Suuri-3.jpeg","contentUrl":"https:\/\/elcoline.com\/wp-content\/uploads\/2023\/05\/Anders_K-2-Suuri-3.jpeg","width":1280,"height":910},{"@type":"WebSite","@id":"https:\/\/elcoline.com\/fi\/#website","url":"https:\/\/elcoline.com\/fi\/","name":"Elcoline Group","description":"","potentialAction":[{"@type":"SearchAction","target":{"@type":"EntryPoint","urlTemplate":"https:\/\/elcoline.com\/fi\/?s={search_term_string}"},"query-input":{"@type":"PropertyValueSpecification","valueRequired":true,"valueName":"search_term_string"}}],"inLanguage":"fi"},{"@type":"Person","@id":"https:\/\/elcoline.com\/fi\/#\/schema\/person\/87de24e6c96948362b697f808747d913","name":"sini","url":"https:\/\/elcoline.com\/fi\/author\/sini\/"}]}},"pbg_featured_image_src":{"full":["https:\/\/elcoline.com\/wp-content\/uploads\/2023\/05\/Anders_K-2-Suuri-3.jpeg",1280,910,false],"thumbnail":["https:\/\/elcoline.com\/wp-content\/uploads\/2023\/05\/Anders_K-2-Suuri-3-150x150.jpeg",150,150,true],"medium":["https:\/\/elcoline.com\/wp-content\/uploads\/2023\/05\/Anders_K-2-Suuri-3-300x213.jpeg",300,213,true],"medium_large":["https:\/\/elcoline.com\/wp-content\/uploads\/2023\/05\/Anders_K-2-Suuri-3-768x546.jpeg",768,546,true],"large":["https:\/\/elcoline.com\/wp-content\/uploads\/2023\/05\/Anders_K-2-Suuri-3-1024x728.jpeg",1024,728,true],"1536x1536":["https:\/\/elcoline.com\/wp-content\/uploads\/2023\/05\/Anders_K-2-Suuri-3.jpeg",1280,910,false],"2048x2048":["https:\/\/elcoline.com\/wp-content\/uploads\/2023\/05\/Anders_K-2-Suuri-3.jpeg",1280,910,false]},"pbg_author_info":{"display_name":"sini","author_link":"https:\/\/elcoline.com\/fi\/author\/sini\/","author_img":false},"pbg_comment_info":" No Comments","pbg_excerpt":"Anders K\u00e1rlen aloitti Elcolinen Ruotsin toimintojen toimitusjohtajana kuluvan vuoden alussa. H\u00e4n on ty\u00f6skennellyt yhti\u00f6ss\u00e4 aiemmin muun muassa Business Controllerina vastuualueinaan HSEQ ja IT. K\u00e1rlenilla on monipuolinen tausta my\u00f6s teknologia-alan rahoitus-, osto- ja logistiikkateht\u00e4vist\u00e4 esimerkiksi Stora Enso Timberin sahalla, Nordic Paperissa ja Barilla Sverige AB:ssa. Lis\u00e4ksi h\u00e4nell\u00e4 on tutkinto taloustieteisiin ja matematiikkaan painottuen Karlstadin yliopistosta. \u201dK\u00e4yt\u00e4nn\u00f6n&hellip;","_links":{"self":[{"href":"https:\/\/elcoline.com\/fi\/wp-json\/wp\/v2\/posts\/36294","targetHints":{"allow":["GET"]}}],"collection":[{"href":"https:\/\/elcoline.com\/fi\/wp-json\/wp\/v2\/posts"}],"about":[{"href":"https:\/\/elcoline.com\/fi\/wp-json\/wp\/v2\/types\/post"}],"author":[{"embeddable":true,"href":"https:\/\/elcoline.com\/fi\/wp-json\/wp\/v2\/users\/3"}],"replies":[{"embeddable":true,"href":"https:\/\/elcoline.com\/fi\/wp-json\/wp\/v2\/comments?post=36294"}],"version-history":[{"count":0,"href":"https:\/\/elcoline.com\/fi\/wp-json\/wp\/v2\/posts\/36294\/revisions"}],"wp:featuredmedia":[{"embeddable":true,"href":"https:\/\/elcoline.com\/fi\/wp-json\/wp\/v2\/media\/36295"}],"wp:attachment":[{"href":"https:\/\/elcoline.com\/fi\/wp-json\/wp\/v2\/media?parent=36294"}],"wp:term":[{"taxonomy":"category","embeddable":true,"href":"https:\/\/elcoline.com\/fi\/wp-json\/wp\/v2\/categories?post=36294"},{"taxonomy":"post_tag","embeddable":true,"href":"https:\/\/elcoline.com\/fi\/wp-json\/wp\/v2\/tags?post=36294"}],"curies":[{"name":"wp","href":"https:\/\/api.w.org\/{rel}","templated":true}]}}