{"id":37201,"date":"2023-06-29T17:59:51","date_gmt":"2023-06-29T14:59:51","guid":{"rendered":"https:\/\/elcoline.fi\/?p=37201"},"modified":"2023-06-29T17:59:51","modified_gmt":"2023-06-29T14:59:51","slug":"elcoline-group-oyn-hallitukseen-on-nimitetty-ari-lehtoranta-ja-kia-aejmelaeus","status":"publish","type":"post","link":"https:\/\/elcoline.com\/fi\/elcoline-group-oyn-hallitukseen-on-nimitetty-ari-lehtoranta-ja-kia-aejmelaeus\/","title":{"rendered":"Elcoline Group Oy:n hallitukseen on nimitetty Ari Lehtoranta ja Kia Aejmelaeus \u00a0"},"content":{"rendered":"\n<p>Evli-konserniin kuuluva EAB Private Equity sek\u00e4 Keskin\u00e4inen Ty\u00f6el\u00e4kevakuutusyhti\u00f6 Elo, p\u00e4\u00e4omasijoitusyhti\u00f6 Tesi ja Arvo Sijoitusosuuskunta tekiv\u00e4t Elcolineen yli 20 miljoonan euron kokonaissijoituksen, joka jakautuu yrityskauppavetoisen kasvutarinan jatkamiseen ja omistusrakenteen uudelleen j\u00e4rjestelyyn. Sijoitus on saanut kilpailuviranomaisen hyv\u00e4ksynn\u00e4n. Elcolinen perustajat ja avainhenkil\u00f6t jatkavat yhti\u00f6n huomattavina omistajina.\u00a0P\u00e4\u00e4omasijoituksen my\u00f6t\u00e4 <strong>Ari Lehtoranta<\/strong> ja <strong>Kia Aejmelaeus<\/strong> aloittivat Elcoline Group Oy:n hallituksessa uusina j\u00e4senin\u00e4 26.6.2023.\u00a0<\/p>\n\n\n\n<h2 class=\"wp-block-heading\"><strong>Elcolinen vahvan kasvun perusta<\/strong><\/h2>\n\n\n\n<p>Elcolinen viimeisimm\u00e4n strategiakauden aikana yhti\u00f6n liikevaihto kasvoi 20 miljoonasta eurosta 70 miljoonan euron kokoluokkaan.<\/p>\n\n\n\n<p>-Haluamme kiitt\u00e4\u00e4 nyt v\u00e4istyvi\u00e4 investoripartnereita &#8211; <strong>Jarkko Veijalainen<\/strong>,<strong> Karri Kaitue<\/strong>,<strong> Heikki Westerlund<\/strong> ja kumppanit, t\u00e4m\u00e4n huikean kasvumatkan mahdollistamisesta, sanoo Elcoline Groupin hallituksen puheenjohtaja <strong>Jere R\u00e4is\u00e4nen<\/strong>.<\/p>\n\n\n\n<p>&#8211; Omistusaikanamme olemme harmonisoineet Elcolinen toimintoja ja vahvistaneet osaamista sek\u00e4 rakentaneet orgaaniseen kasvuun ja valittuihin yritysostoihin liittyv\u00e4\u00e4 kasvustrategiaa. T\u00e4n\u00e4\u00e4n on hienoa todeta, ett\u00e4 strategia on ollut onnistunutta ja yhti\u00f6n kasvun\u00e4kym\u00e4t n\u00e4ytt\u00e4v\u00e4t erinomaisilta my\u00f6s tulevaisuudessa, kertoo Veijalainen.<\/p>\n\n\n\n<p>&#8211; Elcolinen matka on ollut hieno esimerkki vahvasta yritt\u00e4jyydest\u00e4 ja omistautuneesta henkil\u00f6st\u00f6st\u00e4. Yhti\u00f6 on kasvanut eturivin toimijaksi keskittyen jatkuvaan parantamiseen, korkealuokkaiseen asiakaspalveluun ja kannattavan kasvun aikaansaamiseen. Toteutetut yritysostot ja niiden onnistunut integroiminen sek\u00e4 toimivat teolliset prosessit ja korkealla priorisoinnilla noteerattu ty\u00f6turvallisuus ovat leimanneet yhteist\u00e4 tiet\u00e4. On ilo todeta, ett\u00e4 strategia on kantanut ja t\u00e4yt\u00e4nt\u00f6\u00f6npano onnistunut. Elcolinen jatkolle on luotu vahvat menestymisen edellytykset, toteaa Kaitue.<\/p>\n\n\n\n<h2 class=\"wp-block-heading\"><strong>Elcoline jatkaa m\u00e4\u00e4r\u00e4tietoisella kasvun uralla<\/strong><\/h2>\n\n\n\n<p>Elcoline jatkaa m\u00e4\u00e4r\u00e4tietoista kasvua ja seuraava tavoite on saavuttaa yli 200 miljoonan euron liikevaihtoluokka. Tuore kasvurahoitus mahdollistaa entist\u00e4 nopeamman&nbsp;palveluiden kehitt\u00e4misen, uusien osaajien rekrytoimisen sek\u00e4 vahvan kasvun niin Suomessa ja Ruotsissa kuin muissakin Pohjoismaissa. Tulevaa kasvua tukevat uusien hallituksen j\u00e4senten Lehtorannan ja Aejmelaeuksen nimitykset.<\/p>\n\n\n\n<p>Ari Lehtorannalla (DI) on l\u00e4hes 40 vuoden kokemus liiketoiminnan johtamisesta monikansallisissa suuryhti\u00f6iss\u00e4, kuten Nokia, Kone ja Nokian Renkaat. Toimialakokemusta h\u00e4nell\u00e4 on Caverionin hallituksesta ja toimitusjohtajuudesta. T\u00e4ll\u00e4 hetkell\u00e4 Lehtoranta toimii Elcolinen lis\u00e4ksi nelj\u00e4n muun yhti\u00f6n hallituksessa.<\/p>\n\n\n\n<p>&#8211; Pohjoismainen teollisuus tulee el\u00e4m\u00e4\u00e4n vahvojen vuosien aikaa. Elcolinelle t\u00e4m\u00e4 tarjoaa loistavia kasvumahdollisuuksia. Pid\u00e4n siit\u00e4, ett\u00e4 Elcoline on vahvasti asiakkaisiin ja ty\u00f6ntekij\u00f6ihin keskittyv\u00e4 yritys ja uskon, ett\u00e4 t\u00e4m\u00e4 tuo pysyv\u00e4\u00e4 kilpailuetua. On hienoa p\u00e4\u00e4st\u00e4 mukaan j\u00e4lleen yhteen suomalaiseen kasvutarinaan, Lehtoranta sanoo.<\/p>\n\n\n\n<p>Kia Aejmelaeuksella (KTM, CEFA) on 25 vuoden kansainv\u00e4linen kokemus rahoitusmarkkinoilta sek\u00e4 johtoteht\u00e4vist\u00e4 suurista p\u00f6rssiyhti\u00f6ist\u00e4 startupeihin. H\u00e4n on ollut mukana lukuisissa haastavissa strategia-, liiketoiminnan kehitys-, yritysj\u00e4rjestely- ja p\u00e4\u00e4omanhankintaprojekteissa. Aejmelaeuksella on osaamista my\u00f6s talousraportoinnista, vastuullisuudesta sek\u00e4 viestinn\u00e4st\u00e4. H\u00e4n on EAB Private Equityn osakas.<\/p>\n\n\n\n<p>&#8211; Elcoline on hyvin asemoitunut hy\u00f6tym\u00e4\u00e4n vallitsevista markkinatrendeist\u00e4, kuten teollisuusyritysten panostukset kest\u00e4v\u00e4mp\u00e4\u00e4n tuotantoon. Odotan innolla, ett\u00e4 p\u00e4\u00e4sen tukemaan johtoa kansainv\u00e4listymisess\u00e4 ja toiminnan jatkokehitt\u00e4misess\u00e4 mukaan lukien mahdollisen p\u00f6rssilistautumisvalmiuden rakentamisessa. Yhten\u00e4 Elcolinen vahvuutena on yritt\u00e4j\u00e4m\u00e4inen palvelukulttuuri, jonka s\u00e4ilytt\u00e4minen on t\u00e4rke\u00e4\u00e4 jatkossakin, Aejmelaeus kertoo.<\/p>\n\n\n\n<p>&#8211; Olen eritt\u00e4in tyytyv\u00e4inen n\u00e4in monipuolisen ja laaja-alaisen kokemuksen saamisesta mukaan hallitukseemme, heid\u00e4n panoksellaan tulee olemaan merkitt\u00e4v\u00e4 rooli Elcolinen omistaja-arvon kasvattamisessa tavoitellessamme kasvua ja kansainv\u00e4list\u00e4 laajentumista, R\u00e4is\u00e4nen toteaa.<\/p>\n\n\n\n<h2 class=\"wp-block-heading\"><strong>Elcoline haluaa olla entist\u00e4 vastuullisempi toimija<\/strong><\/h2>\n\n\n\n<p>Yksi Elcolinen keskeisist\u00e4 tavoitteista uudella strategiakaudella on vastuullisuuden edist\u00e4minen yhti\u00f6n omassa viitekehyksess\u00e4. Elcolinella aloitetaan ESG-ohjelman luonti tiiviiss\u00e4 yhteisty\u00f6ss\u00e4 asiakkaiden kanssa. Yhti\u00f6n tavoitteena on kehitt\u00e4\u00e4 omaa toimintaa entist\u00e4 vastuullisempaan suuntaan, sek\u00e4 auttaa asiakkaita heid\u00e4n vastuullisuustavoitteidensa saavuttamisessa.<\/p>\n\n\n\n<p>&#8211; On ilo saada hallitukseen my\u00f6s vastuullisuusosaamista, mik\u00e4 auttaa etenemist\u00e4mme haluttuun suuntaan, sanoo R\u00e4is\u00e4nen.<\/p>\n\n\n\n<div style=\"height:27px\" aria-hidden=\"true\" class=\"wp-block-spacer\"><\/div>\n\n\n\n<p>Lis\u00e4tietoja:<\/p>\n\n\n\n<p><strong>Jere R\u00e4is\u00e4nen<\/strong><\/p>\n\n\n\n<p>Hallituksen puheenjohtaja, Elcoline Group<\/p>\n\n\n\n<p>+358 44 5599 144<\/p>\n\n\n\n<p>jere.raisanen@elcoline.fi<\/p>\n\n\n\n<div style=\"height:25px\" aria-hidden=\"true\" class=\"wp-block-spacer\"><\/div>\n\n\n\n<h3 class=\"wp-block-heading\">Lue my\u00f6s:<\/h3>\n\n\n\n<figure class=\"wp-block-embed is-type-wp-embed is-provider-elcoline-group wp-block-embed-elcoline-group\"><div class=\"wp-block-embed__wrapper\">\n<blockquote class=\"wp-embedded-content\" data-secret=\"hCFp4DTaS7\"><a href=\"https:\/\/elcoline.fi\/nopeasti-kasvava-suomalaisyritys-vahvistaa-omistajapohjaansa-evliin-kuuluva-eab-private-equity-ja-rinnakkaissijoittajat-tekevat-elcolineen-yli-20-miljoonan-euron-paaomasijoituksen\/\">Nopeasti kasvava suomalaisyritys vahvistaa omistajapohjaansa \u2013 Evliin kuuluva EAB Private Equity ja rinnakkaissijoittajat tekev\u00e4t Elcolineen yli 20 miljoonan euron p\u00e4\u00e4omasijoituksen<\/a><\/blockquote><iframe loading=\"lazy\" class=\"wp-embedded-content\" sandbox=\"allow-scripts\" security=\"restricted\" style=\"position: absolute; visibility: hidden;\" title=\"&#8221;Nopeasti kasvava suomalaisyritys vahvistaa omistajapohjaansa \u2013 Evliin kuuluva EAB Private Equity ja rinnakkaissijoittajat tekev\u00e4t Elcolineen yli 20 miljoonan euron p\u00e4\u00e4omasijoituksen&#8221; &#8212; Elcoline Group\" src=\"https:\/\/elcoline.fi\/nopeasti-kasvava-suomalaisyritys-vahvistaa-omistajapohjaansa-evliin-kuuluva-eab-private-equity-ja-rinnakkaissijoittajat-tekevat-elcolineen-yli-20-miljoonan-euron-paaomasijoituksen\/embed\/#?secret=pL1FqTkQ6k#?secret=hCFp4DTaS7\" data-secret=\"hCFp4DTaS7\" width=\"500\" height=\"282\" frameborder=\"0\" marginwidth=\"0\" marginheight=\"0\" scrolling=\"no\"><\/iframe>\n<\/div><\/figure>\n","protected":false},"excerpt":{"rendered":"<p>Evli-konserniin kuuluva EAB Private Equity sek\u00e4 Keskin\u00e4inen Ty\u00f6el\u00e4kevakuutusyhti\u00f6 Elo, p\u00e4\u00e4omasijoitusyhti\u00f6 Tesi ja Arvo Sijoitusosuuskunta tekiv\u00e4t Elcolineen yli 20 miljoonan euron kokonaissijoituksen, joka jakautuu yrityskauppavetoisen kasvutarinan jatkamiseen ja omistusrakenteen uudelleen j\u00e4rjestelyyn. Sijoitus on saanut kilpailuviranomaisen hyv\u00e4ksynn\u00e4n. Elcolinen perustajat ja avainhenkil\u00f6t jatkavat yhti\u00f6n huomattavina omistajina.\u00a0P\u00e4\u00e4omasijoituksen my\u00f6t\u00e4 Ari Lehtoranta ja Kia Aejmelaeus aloittivat Elcoline Group Oy:n hallituksessa uusina [&hellip;]<\/p>\n","protected":false},"author":3,"featured_media":35699,"comment_status":"open","ping_status":"closed","sticky":false,"template":"","format":"standard","meta":{"footnotes":""},"categories":[49,50],"tags":[],"class_list":["post-37201","post","type-post","status-publish","format-standard","has-post-thumbnail","hentry","category-release","category-suomi"],"yoast_head":"<!-- This site is optimized with the Yoast SEO plugin v27.5 - https:\/\/yoast.com\/product\/yoast-seo-wordpress\/ -->\n<title>Elcoline Group Oy:n hallitukseen on nimitetty Ari Lehtoranta ja Kia Aejmelaeus \u00a0 - Elcoline Group<\/title>\n<meta name=\"robots\" content=\"index, follow, max-snippet:-1, max-image-preview:large, max-video-preview:-1\" \/>\n<link rel=\"canonical\" href=\"https:\/\/elcoline.com\/fi\/elcoline-group-oyn-hallitukseen-on-nimitetty-ari-lehtoranta-ja-kia-aejmelaeus\/\" \/>\n<meta property=\"og:locale\" content=\"fi_FI\" \/>\n<meta property=\"og:type\" content=\"article\" \/>\n<meta property=\"og:title\" content=\"Elcoline Group Oy:n hallitukseen on nimitetty Ari Lehtoranta ja Kia Aejmelaeus \u00a0 - Elcoline Group\" \/>\n<meta property=\"og:description\" content=\"Evli-konserniin kuuluva EAB Private Equity sek\u00e4 Keskin\u00e4inen Ty\u00f6el\u00e4kevakuutusyhti\u00f6 Elo, p\u00e4\u00e4omasijoitusyhti\u00f6 Tesi ja Arvo Sijoitusosuuskunta tekiv\u00e4t Elcolineen yli 20 miljoonan euron kokonaissijoituksen, joka jakautuu yrityskauppavetoisen kasvutarinan jatkamiseen ja omistusrakenteen uudelleen j\u00e4rjestelyyn. Sijoitus on saanut kilpailuviranomaisen hyv\u00e4ksynn\u00e4n. Elcolinen perustajat ja avainhenkil\u00f6t jatkavat yhti\u00f6n huomattavina omistajina.\u00a0P\u00e4\u00e4omasijoituksen my\u00f6t\u00e4 Ari Lehtoranta ja Kia Aejmelaeus aloittivat Elcoline Group Oy:n hallituksessa uusina [&hellip;]\" \/>\n<meta property=\"og:url\" content=\"https:\/\/elcoline.com\/fi\/elcoline-group-oyn-hallitukseen-on-nimitetty-ari-lehtoranta-ja-kia-aejmelaeus\/\" \/>\n<meta property=\"og:site_name\" content=\"Elcoline Group\" \/>\n<meta property=\"article:published_time\" content=\"2023-06-29T14:59:51+00:00\" \/>\n<meta name=\"author\" content=\"sini\" \/>\n<meta name=\"twitter:card\" content=\"summary_large_image\" \/>\n<meta name=\"twitter:label1\" content=\"Kirjoittanut\" \/>\n\t<meta name=\"twitter:data1\" content=\"sini\" \/>\n\t<meta name=\"twitter:label2\" content=\"Arvioitu lukuaika\" \/>\n\t<meta name=\"twitter:data2\" content=\"3 minuuttia\" \/>\n<script type=\"application\/ld+json\" class=\"yoast-schema-graph\">{\"@context\":\"https:\\\/\\\/schema.org\",\"@graph\":[{\"@type\":\"Article\",\"@id\":\"https:\\\/\\\/elcoline.com\\\/fi\\\/elcoline-group-oyn-hallitukseen-on-nimitetty-ari-lehtoranta-ja-kia-aejmelaeus\\\/#article\",\"isPartOf\":{\"@id\":\"https:\\\/\\\/elcoline.com\\\/fi\\\/elcoline-group-oyn-hallitukseen-on-nimitetty-ari-lehtoranta-ja-kia-aejmelaeus\\\/\"},\"author\":{\"name\":\"sini\",\"@id\":\"https:\\\/\\\/elcoline.com\\\/fi\\\/#\\\/schema\\\/person\\\/87de24e6c96948362b697f808747d913\"},\"headline\":\"Elcoline Group Oy:n hallitukseen on nimitetty Ari Lehtoranta ja Kia Aejmelaeus \u00a0\",\"datePublished\":\"2023-06-29T14:59:51+00:00\",\"mainEntityOfPage\":{\"@id\":\"https:\\\/\\\/elcoline.com\\\/fi\\\/elcoline-group-oyn-hallitukseen-on-nimitetty-ari-lehtoranta-ja-kia-aejmelaeus\\\/\"},\"wordCount\":620,\"commentCount\":0,\"image\":{\"@id\":\"https:\\\/\\\/elcoline.com\\\/fi\\\/elcoline-group-oyn-hallitukseen-on-nimitetty-ari-lehtoranta-ja-kia-aejmelaeus\\\/#primaryimage\"},\"thumbnailUrl\":\"\",\"articleSection\":[\"release\",\"suomi\"],\"inLanguage\":\"fi\",\"potentialAction\":[{\"@type\":\"CommentAction\",\"name\":\"Comment\",\"target\":[\"https:\\\/\\\/elcoline.com\\\/fi\\\/elcoline-group-oyn-hallitukseen-on-nimitetty-ari-lehtoranta-ja-kia-aejmelaeus\\\/#respond\"]}]},{\"@type\":\"WebPage\",\"@id\":\"https:\\\/\\\/elcoline.com\\\/fi\\\/elcoline-group-oyn-hallitukseen-on-nimitetty-ari-lehtoranta-ja-kia-aejmelaeus\\\/\",\"url\":\"https:\\\/\\\/elcoline.com\\\/fi\\\/elcoline-group-oyn-hallitukseen-on-nimitetty-ari-lehtoranta-ja-kia-aejmelaeus\\\/\",\"name\":\"Elcoline Group Oy:n hallitukseen on nimitetty Ari Lehtoranta ja Kia Aejmelaeus \u00a0 - Elcoline Group\",\"isPartOf\":{\"@id\":\"https:\\\/\\\/elcoline.com\\\/fi\\\/#website\"},\"primaryImageOfPage\":{\"@id\":\"https:\\\/\\\/elcoline.com\\\/fi\\\/elcoline-group-oyn-hallitukseen-on-nimitetty-ari-lehtoranta-ja-kia-aejmelaeus\\\/#primaryimage\"},\"image\":{\"@id\":\"https:\\\/\\\/elcoline.com\\\/fi\\\/elcoline-group-oyn-hallitukseen-on-nimitetty-ari-lehtoranta-ja-kia-aejmelaeus\\\/#primaryimage\"},\"thumbnailUrl\":\"\",\"datePublished\":\"2023-06-29T14:59:51+00:00\",\"author\":{\"@id\":\"https:\\\/\\\/elcoline.com\\\/fi\\\/#\\\/schema\\\/person\\\/87de24e6c96948362b697f808747d913\"},\"breadcrumb\":{\"@id\":\"https:\\\/\\\/elcoline.com\\\/fi\\\/elcoline-group-oyn-hallitukseen-on-nimitetty-ari-lehtoranta-ja-kia-aejmelaeus\\\/#breadcrumb\"},\"inLanguage\":\"fi\",\"potentialAction\":[{\"@type\":\"ReadAction\",\"target\":[\"https:\\\/\\\/elcoline.com\\\/fi\\\/elcoline-group-oyn-hallitukseen-on-nimitetty-ari-lehtoranta-ja-kia-aejmelaeus\\\/\"]}]},{\"@type\":\"ImageObject\",\"inLanguage\":\"fi\",\"@id\":\"https:\\\/\\\/elcoline.com\\\/fi\\\/elcoline-group-oyn-hallitukseen-on-nimitetty-ari-lehtoranta-ja-kia-aejmelaeus\\\/#primaryimage\",\"url\":\"\",\"contentUrl\":\"\"},{\"@type\":\"WebSite\",\"@id\":\"https:\\\/\\\/elcoline.com\\\/fi\\\/#website\",\"url\":\"https:\\\/\\\/elcoline.com\\\/fi\\\/\",\"name\":\"Elcoline Group\",\"description\":\"\",\"potentialAction\":[{\"@type\":\"SearchAction\",\"target\":{\"@type\":\"EntryPoint\",\"urlTemplate\":\"https:\\\/\\\/elcoline.com\\\/fi\\\/?s={search_term_string}\"},\"query-input\":{\"@type\":\"PropertyValueSpecification\",\"valueRequired\":true,\"valueName\":\"search_term_string\"}}],\"inLanguage\":\"fi\"},{\"@type\":\"Person\",\"@id\":\"https:\\\/\\\/elcoline.com\\\/fi\\\/#\\\/schema\\\/person\\\/87de24e6c96948362b697f808747d913\",\"name\":\"sini\",\"url\":\"https:\\\/\\\/elcoline.com\\\/fi\\\/author\\\/sini\\\/\"}]}<\/script>\n<!-- \/ Yoast SEO plugin. -->","yoast_head_json":{"title":"Elcoline Group Oy:n hallitukseen on nimitetty Ari Lehtoranta ja Kia Aejmelaeus \u00a0 - Elcoline Group","robots":{"index":"index","follow":"follow","max-snippet":"max-snippet:-1","max-image-preview":"max-image-preview:large","max-video-preview":"max-video-preview:-1"},"canonical":"https:\/\/elcoline.com\/fi\/elcoline-group-oyn-hallitukseen-on-nimitetty-ari-lehtoranta-ja-kia-aejmelaeus\/","og_locale":"fi_FI","og_type":"article","og_title":"Elcoline Group Oy:n hallitukseen on nimitetty Ari Lehtoranta ja Kia Aejmelaeus \u00a0 - Elcoline Group","og_description":"Evli-konserniin kuuluva EAB Private Equity sek\u00e4 Keskin\u00e4inen Ty\u00f6el\u00e4kevakuutusyhti\u00f6 Elo, p\u00e4\u00e4omasijoitusyhti\u00f6 Tesi ja Arvo Sijoitusosuuskunta tekiv\u00e4t Elcolineen yli 20 miljoonan euron kokonaissijoituksen, joka jakautuu yrityskauppavetoisen kasvutarinan jatkamiseen ja omistusrakenteen uudelleen j\u00e4rjestelyyn. Sijoitus on saanut kilpailuviranomaisen hyv\u00e4ksynn\u00e4n. Elcolinen perustajat ja avainhenkil\u00f6t jatkavat yhti\u00f6n huomattavina omistajina.\u00a0P\u00e4\u00e4omasijoituksen my\u00f6t\u00e4 Ari Lehtoranta ja Kia Aejmelaeus aloittivat Elcoline Group Oy:n hallituksessa uusina [&hellip;]","og_url":"https:\/\/elcoline.com\/fi\/elcoline-group-oyn-hallitukseen-on-nimitetty-ari-lehtoranta-ja-kia-aejmelaeus\/","og_site_name":"Elcoline Group","article_published_time":"2023-06-29T14:59:51+00:00","author":"sini","twitter_card":"summary_large_image","twitter_misc":{"Kirjoittanut":"sini","Arvioitu lukuaika":"3 minuuttia"},"schema":{"@context":"https:\/\/schema.org","@graph":[{"@type":"Article","@id":"https:\/\/elcoline.com\/fi\/elcoline-group-oyn-hallitukseen-on-nimitetty-ari-lehtoranta-ja-kia-aejmelaeus\/#article","isPartOf":{"@id":"https:\/\/elcoline.com\/fi\/elcoline-group-oyn-hallitukseen-on-nimitetty-ari-lehtoranta-ja-kia-aejmelaeus\/"},"author":{"name":"sini","@id":"https:\/\/elcoline.com\/fi\/#\/schema\/person\/87de24e6c96948362b697f808747d913"},"headline":"Elcoline Group Oy:n hallitukseen on nimitetty Ari Lehtoranta ja Kia Aejmelaeus \u00a0","datePublished":"2023-06-29T14:59:51+00:00","mainEntityOfPage":{"@id":"https:\/\/elcoline.com\/fi\/elcoline-group-oyn-hallitukseen-on-nimitetty-ari-lehtoranta-ja-kia-aejmelaeus\/"},"wordCount":620,"commentCount":0,"image":{"@id":"https:\/\/elcoline.com\/fi\/elcoline-group-oyn-hallitukseen-on-nimitetty-ari-lehtoranta-ja-kia-aejmelaeus\/#primaryimage"},"thumbnailUrl":"","articleSection":["release","suomi"],"inLanguage":"fi","potentialAction":[{"@type":"CommentAction","name":"Comment","target":["https:\/\/elcoline.com\/fi\/elcoline-group-oyn-hallitukseen-on-nimitetty-ari-lehtoranta-ja-kia-aejmelaeus\/#respond"]}]},{"@type":"WebPage","@id":"https:\/\/elcoline.com\/fi\/elcoline-group-oyn-hallitukseen-on-nimitetty-ari-lehtoranta-ja-kia-aejmelaeus\/","url":"https:\/\/elcoline.com\/fi\/elcoline-group-oyn-hallitukseen-on-nimitetty-ari-lehtoranta-ja-kia-aejmelaeus\/","name":"Elcoline Group Oy:n hallitukseen on nimitetty Ari Lehtoranta ja Kia Aejmelaeus \u00a0 - Elcoline Group","isPartOf":{"@id":"https:\/\/elcoline.com\/fi\/#website"},"primaryImageOfPage":{"@id":"https:\/\/elcoline.com\/fi\/elcoline-group-oyn-hallitukseen-on-nimitetty-ari-lehtoranta-ja-kia-aejmelaeus\/#primaryimage"},"image":{"@id":"https:\/\/elcoline.com\/fi\/elcoline-group-oyn-hallitukseen-on-nimitetty-ari-lehtoranta-ja-kia-aejmelaeus\/#primaryimage"},"thumbnailUrl":"","datePublished":"2023-06-29T14:59:51+00:00","author":{"@id":"https:\/\/elcoline.com\/fi\/#\/schema\/person\/87de24e6c96948362b697f808747d913"},"breadcrumb":{"@id":"https:\/\/elcoline.com\/fi\/elcoline-group-oyn-hallitukseen-on-nimitetty-ari-lehtoranta-ja-kia-aejmelaeus\/#breadcrumb"},"inLanguage":"fi","potentialAction":[{"@type":"ReadAction","target":["https:\/\/elcoline.com\/fi\/elcoline-group-oyn-hallitukseen-on-nimitetty-ari-lehtoranta-ja-kia-aejmelaeus\/"]}]},{"@type":"ImageObject","inLanguage":"fi","@id":"https:\/\/elcoline.com\/fi\/elcoline-group-oyn-hallitukseen-on-nimitetty-ari-lehtoranta-ja-kia-aejmelaeus\/#primaryimage","url":"","contentUrl":""},{"@type":"WebSite","@id":"https:\/\/elcoline.com\/fi\/#website","url":"https:\/\/elcoline.com\/fi\/","name":"Elcoline Group","description":"","potentialAction":[{"@type":"SearchAction","target":{"@type":"EntryPoint","urlTemplate":"https:\/\/elcoline.com\/fi\/?s={search_term_string}"},"query-input":{"@type":"PropertyValueSpecification","valueRequired":true,"valueName":"search_term_string"}}],"inLanguage":"fi"},{"@type":"Person","@id":"https:\/\/elcoline.com\/fi\/#\/schema\/person\/87de24e6c96948362b697f808747d913","name":"sini","url":"https:\/\/elcoline.com\/fi\/author\/sini\/"}]}},"pbg_featured_image_src":{"full":false,"thumbnail":false,"medium":false,"medium_large":false,"large":false,"1536x1536":false,"2048x2048":false},"pbg_author_info":{"display_name":"sini","author_link":"https:\/\/elcoline.com\/fi\/author\/sini\/","author_img":false},"pbg_comment_info":" No Comments","pbg_excerpt":"Evli-konserniin kuuluva EAB Private Equity sek\u00e4 Keskin\u00e4inen Ty\u00f6el\u00e4kevakuutusyhti\u00f6 Elo, p\u00e4\u00e4omasijoitusyhti\u00f6 Tesi ja Arvo Sijoitusosuuskunta tekiv\u00e4t Elcolineen yli 20 miljoonan euron kokonaissijoituksen, joka jakautuu yrityskauppavetoisen kasvutarinan jatkamiseen ja omistusrakenteen uudelleen j\u00e4rjestelyyn. Sijoitus on saanut kilpailuviranomaisen hyv\u00e4ksynn\u00e4n. Elcolinen perustajat ja avainhenkil\u00f6t jatkavat yhti\u00f6n huomattavina omistajina.\u00a0P\u00e4\u00e4omasijoituksen my\u00f6t\u00e4 Ari Lehtoranta ja Kia Aejmelaeus aloittivat Elcoline Group Oy:n hallituksessa uusina&hellip;","_links":{"self":[{"href":"https:\/\/elcoline.com\/fi\/wp-json\/wp\/v2\/posts\/37201","targetHints":{"allow":["GET"]}}],"collection":[{"href":"https:\/\/elcoline.com\/fi\/wp-json\/wp\/v2\/posts"}],"about":[{"href":"https:\/\/elcoline.com\/fi\/wp-json\/wp\/v2\/types\/post"}],"author":[{"embeddable":true,"href":"https:\/\/elcoline.com\/fi\/wp-json\/wp\/v2\/users\/3"}],"replies":[{"embeddable":true,"href":"https:\/\/elcoline.com\/fi\/wp-json\/wp\/v2\/comments?post=37201"}],"version-history":[{"count":0,"href":"https:\/\/elcoline.com\/fi\/wp-json\/wp\/v2\/posts\/37201\/revisions"}],"wp:featuredmedia":[{"embeddable":true,"href":"https:\/\/elcoline.com\/fi\/wp-json\/"}],"wp:attachment":[{"href":"https:\/\/elcoline.com\/fi\/wp-json\/wp\/v2\/media?parent=37201"}],"wp:term":[{"taxonomy":"category","embeddable":true,"href":"https:\/\/elcoline.com\/fi\/wp-json\/wp\/v2\/categories?post=37201"},{"taxonomy":"post_tag","embeddable":true,"href":"https:\/\/elcoline.com\/fi\/wp-json\/wp\/v2\/tags?post=37201"}],"curies":[{"name":"wp","href":"https:\/\/api.w.org\/{rel}","templated":true}]}}