{"id":41011,"date":"2024-05-07T09:00:49","date_gmt":"2024-05-07T09:00:49","guid":{"rendered":"https:\/\/elcoline.fi\/?p=41011"},"modified":"2024-05-07T09:00:00","modified_gmt":"2024-05-07T06:00:00","slug":"elina-engmanista-elcoline-groupin-uusi-toimitusjohtaja","status":"publish","type":"post","link":"https:\/\/elcoline.com\/fi\/elina-engmanista-elcoline-groupin-uusi-toimitusjohtaja\/","title":{"rendered":"Elina Engmanista Elcoline Groupin uusi toimitusjohtaja"},"content":{"rendered":"\n<p>Elcoline Group Oy:n hallitus on nimitt\u00e4nyt Elina Engmanin yhti\u00f6n uudeksi toimitusjohtajaksi. H\u00e4n aloittaa teht\u00e4v\u00e4ss\u00e4\u00e4n 1.9.2024. Nykyinen toimitusjohtaja Leif Backman jatkaa teht\u00e4v\u00e4ss\u00e4\u00e4n uuden toimitusjohtajan aloittamiseen saakka.<\/p>\n\n\n\n<p>Elina Engman tuo mukanaan laajan kokemuksen ja osaamisen teollisuuden parista, mik\u00e4 on avain seuraavan kasvuvaiheen toteuttamiseen. H\u00e4n on toiminut aikaisemmin Caverion Teollisuuden vastaavana johtajana ja t\u00e4t\u00e4 ennen useissa eri johtoteht\u00e4viss\u00e4 isoista listayhti\u00f6ist\u00e4 pienempiin teollisuuden toimijoihin. Engmanilla on vakuuttavaa n\u00e4ytt\u00f6\u00e4 kannattavan kasvun aikaansaamisesta. Kokemusta on kertynyt lis\u00e4ksi useiden yhti\u00f6iden, kuten Gasum, Kemijoki sek\u00e4 Versowood hallitusty\u00f6skentelyst\u00e4.<\/p>\n\n\n\n<p>&#8221;Upeaa p\u00e4\u00e4st\u00e4 toteuttamaan yhdess\u00e4 Elcolinen ammattilaisten kanssa vahvaa kasvustrategiaa. Odotan innolla uusien ty\u00f6kavereiden ja asiakkaiden tapaamista. Minulle on t\u00e4rke\u00e4\u00e4 tutustua ihmisiin ja vierailla s\u00e4\u00e4nn\u00f6llisesti kent\u00e4ll\u00e4, erityisen l\u00e4hell\u00e4 syd\u00e4nt\u00e4ni on ty\u00f6turvallisen toiminnan toteuttaminen&#8221;, sanoo Elcoline Groupin uusi toimitusjohtaja Elina Engman.<\/p>\n\n\n\n<p>Elcoline Groupin hallituksen puheenjohtaja Jere R\u00e4is\u00e4nen toivottaa Engmanin l\u00e4mpim\u00e4sti tervetulleeksi Elcolinelle johdattamaan yhti\u00f6t\u00e4 kannattavasti kohti uutta 250 miljoonan euron liikevaihtotavoitetta.<\/p>\n\n\n\n<p>&#8221;Elinan vankka ammattitaito ja toimialakokemus yhdistettyn\u00e4 ihmisl\u00e4heiseen johtamistapaan auttavat meit\u00e4 vahvistamaan asemaamme aitona teollisuuden teknisiin palveluihin keskittyv\u00e4n\u00e4 toimijana. Uuden toimitusjohtajan my\u00f6t\u00e4 saamme my\u00f6s syv\u00e4llist\u00e4 energia-alan tuntemusta, mit\u00e4 tarvitaan vihre\u00e4n siirtym\u00e4n edist\u00e4misess\u00e4. Kun yhti\u00f6t\u00e4 luotsataan uuden strategiakauden aikana seuraavalle tasolle, tavoittelemme yh\u00e4 tiiviimpien ja kattavampien kumppanuuksien rakentamista asiakkaidemme kanssa\u201d, sanoo R\u00e4is\u00e4nen.<\/p>\n\n\n\n<p>\u201dHaluan samalla kiitt\u00e4\u00e4 Leif Backmania h\u00e4nen panoksestaan Elcolinen kasvattamisessa 200 henke\u00e4 ty\u00f6llist\u00e4v\u00e4st\u00e4 yhti\u00f6st\u00e4 noin 800 ammattilaista ty\u00f6llist\u00e4v\u00e4ksi teollisuuden palveluyritykseksi. On hienoa, ett\u00e4 Leif jatkaa Elcolinen omistajana ja on tarvittaessa jatkossakin k\u00e4ytett\u00e4viss\u00e4 yhti\u00f6n tukena. Toivotan h\u00e4nelle onnea ja menestyst\u00e4 uran seuraavaan vaiheeseen\u201d, jatkaa R\u00e4is\u00e4nen.<\/p>\n\n\n\n<p>\u201dOn ollut ilo johtaa Elcolinea ja ty\u00f6skennell\u00e4 osaavan ja sitoutuneen henkil\u00f6st\u00f6n kanssa. Yhdess\u00e4 olemme tehneet huiman matkan ja onnistuneet saavuttamaan viisi vuotta sitten asetetut kasvutavoitteemme. Olen eritt\u00e4in tyytyv\u00e4inen Elcolinen saadessa todella kokeneen teollisuuden ammattilaisen kiihdytt\u00e4m\u00e4\u00e4n pohjoismaista kasvua\u201d, sanoo Backman.<\/p>\n\n\n\n<div style=\"height:37px\" aria-hidden=\"true\" class=\"wp-block-spacer\"><\/div>\n\n\n\n<h4 class=\"wp-block-heading\">Lis\u00e4tietoja:<\/h4>\n\n\n\n<p><strong>Jere R\u00e4is\u00e4nen<\/strong><\/p>\n\n\n\n<p>Hallituksen puheenjohtaja<\/p>\n\n\n\n<p>Elcoline Group Oy<\/p>\n\n\n\n<p>+358 44 559 9144<\/p>\n\n\n\n<p>jere.raisanen@elcoline.fi<\/p>\n\n\n\n<hr class=\"wp-block-separator has-text-color has-alpha-channel-opacity has-background\" style=\"background-color:#e7e6e6;color:#e7e6e6\"\/>\n\n\n\n<h4 class=\"wp-block-heading\"><strong><em>Elcoline lyhyesti<\/em><\/strong><\/h4>\n\n\n\n<p><em>Elcoline on Pohjoismainen teollisuuden teknisiin palveluihin erikoistunut kasvuyhti\u00f6, jonka asiakkaita ovat kansainv\u00e4liset teollisuusyritykset. Elcoline toteuttaa vaativia asennusprojekteja sek\u00e4 kunnossapitoa niin uusiin kuin olemassa oleviin kohteisiin eri teollisuudenaloille. Laadukkaita ja turvallisia palveluita tuottamalla varmistamme asiakkaidemme tuotantovarmuuden ja kilpailukyvyn.<\/em><\/p>\n\n\n\n<p><em>Elcolinen palveluita ovat kokonais- ja osakunnossapidon ulkoistukset, huollon palvelusopimukset sek\u00e4 vaativat asennusprojektit. Laaja palveluvalikoima kattaa niin mekaaniset asennukset, s\u00e4hk\u00f6-, automaatio- ja instrumentointity\u00f6t, putkistojen asennukset ja hitsaukset sek\u00e4 kunnonvalvonnan ja tiedonkeruun. Toteutamme my\u00f6s l\u00e4mm\u00f6nvaihtimien, h\u00f6yryakkujen ja painelaitteiden valmistukset ja huollot. Elcolinen asiakkaat toimivat metalli- ja kaivos-, meri-, energia-, puolustus- ja prosessiteollisuuden sek\u00e4 teollisen modulaarisen rakentamisen parissa.<\/em><em>&nbsp;<\/em><em><\/em><\/p>\n\n\n\n<p><em>Elcoline on perustettu vuonna 2002 ja se ty\u00f6llist\u00e4\u00e4 yhteens\u00e4 noin 800 ammattilaista Suomessa ja Ruotsissa sek\u00e4 huoltosopimuskohteissa ymp\u00e4ri maapalloa. Yhti\u00f6n liikevaihto nousee vuoden 2024 aikana 100 miljoonan euron luokkaan tuoreen yritysoston my\u00f6t\u00e4. Elcolinen omistajina ovat yhti\u00f6n perustajien, johdon sek\u00e4 henkil\u00f6st\u00f6n lis\u00e4ksi sijoittajatahot Evli, Keskin\u00e4inen Ty\u00f6el\u00e4kevakuutusyhti\u00f6 Elo, Suomen Teollisuussijoitus Tesi sek\u00e4 Arvo Sijoitusosuuskunta. Tavoitteenamme on kasvaa kannattavasti ja olla toimialamme arvostetuin kumppani asiakkaillemme sek\u00e4 halutuin ty\u00f6nantaja ty\u00f6ntekij\u00f6illemme. Lis\u00e4tietoja osoitteesta www.elcoline.fi.<\/em><em>&nbsp;<\/em><em><\/em><\/p>\n","protected":false},"excerpt":{"rendered":"<p>Elcoline Group Oy:n hallitus on nimitt\u00e4nyt Elina Engmanin yhti\u00f6n uudeksi toimitusjohtajaksi. H\u00e4n aloittaa teht\u00e4v\u00e4ss\u00e4\u00e4n 1.9.2024. Nykyinen toimitusjohtaja Leif Backman jatkaa teht\u00e4v\u00e4ss\u00e4\u00e4n uuden toimitusjohtajan aloittamiseen saakka. Elina Engman tuo mukanaan laajan kokemuksen ja osaamisen teollisuuden parista, mik\u00e4 on avain seuraavan kasvuvaiheen toteuttamiseen. H\u00e4n on toiminut aikaisemmin Caverion Teollisuuden vastaavana johtajana ja t\u00e4t\u00e4 ennen useissa eri johtoteht\u00e4viss\u00e4 [&hellip;]<\/p>\n","protected":false},"author":3,"featured_media":41012,"comment_status":"open","ping_status":"closed","sticky":false,"template":"","format":"standard","meta":{"footnotes":""},"categories":[49,50],"tags":[],"class_list":["post-41011","post","type-post","status-publish","format-standard","has-post-thumbnail","hentry","category-release","category-suomi"],"yoast_head":"<!-- This site is optimized with the Yoast SEO plugin v27.5 - https:\/\/yoast.com\/product\/yoast-seo-wordpress\/ -->\n<title>Elina Engmanista Elcoline Groupin uusi toimitusjohtaja - Elcoline Group<\/title>\n<meta name=\"robots\" content=\"index, follow, max-snippet:-1, max-image-preview:large, max-video-preview:-1\" \/>\n<link rel=\"canonical\" href=\"https:\/\/elcoline.com\/fi\/elina-engmanista-elcoline-groupin-uusi-toimitusjohtaja\/\" \/>\n<meta property=\"og:locale\" content=\"fi_FI\" \/>\n<meta property=\"og:type\" content=\"article\" \/>\n<meta property=\"og:title\" content=\"Elina Engmanista Elcoline Groupin uusi toimitusjohtaja - Elcoline Group\" \/>\n<meta property=\"og:description\" content=\"Elcoline Group Oy:n hallitus on nimitt\u00e4nyt Elina Engmanin yhti\u00f6n uudeksi toimitusjohtajaksi. H\u00e4n aloittaa teht\u00e4v\u00e4ss\u00e4\u00e4n 1.9.2024. Nykyinen toimitusjohtaja Leif Backman jatkaa teht\u00e4v\u00e4ss\u00e4\u00e4n uuden toimitusjohtajan aloittamiseen saakka. Elina Engman tuo mukanaan laajan kokemuksen ja osaamisen teollisuuden parista, mik\u00e4 on avain seuraavan kasvuvaiheen toteuttamiseen. H\u00e4n on toiminut aikaisemmin Caverion Teollisuuden vastaavana johtajana ja t\u00e4t\u00e4 ennen useissa eri johtoteht\u00e4viss\u00e4 [&hellip;]\" \/>\n<meta property=\"og:url\" content=\"https:\/\/elcoline.com\/fi\/elina-engmanista-elcoline-groupin-uusi-toimitusjohtaja\/\" \/>\n<meta property=\"og:site_name\" content=\"Elcoline Group\" \/>\n<meta property=\"article:published_time\" content=\"2024-05-07T09:00:49+00:00\" \/>\n<meta name=\"author\" content=\"sini\" \/>\n<meta name=\"twitter:card\" content=\"summary_large_image\" \/>\n<meta name=\"twitter:label1\" content=\"Kirjoittanut\" \/>\n\t<meta name=\"twitter:data1\" content=\"sini\" \/>\n\t<meta name=\"twitter:label2\" content=\"Arvioitu lukuaika\" \/>\n\t<meta name=\"twitter:data2\" content=\"3 minuuttia\" \/>\n<script type=\"application\/ld+json\" class=\"yoast-schema-graph\">{\"@context\":\"https:\\\/\\\/schema.org\",\"@graph\":[{\"@type\":\"Article\",\"@id\":\"https:\\\/\\\/elcoline.com\\\/fi\\\/elina-engmanista-elcoline-groupin-uusi-toimitusjohtaja\\\/#article\",\"isPartOf\":{\"@id\":\"https:\\\/\\\/elcoline.com\\\/fi\\\/elina-engmanista-elcoline-groupin-uusi-toimitusjohtaja\\\/\"},\"author\":{\"name\":\"sini\",\"@id\":\"https:\\\/\\\/elcoline.com\\\/fi\\\/#\\\/schema\\\/person\\\/87de24e6c96948362b697f808747d913\"},\"headline\":\"Elina Engmanista Elcoline Groupin uusi toimitusjohtaja\",\"datePublished\":\"2024-05-07T09:00:49+00:00\",\"mainEntityOfPage\":{\"@id\":\"https:\\\/\\\/elcoline.com\\\/fi\\\/elina-engmanista-elcoline-groupin-uusi-toimitusjohtaja\\\/\"},\"wordCount\":538,\"commentCount\":0,\"image\":{\"@id\":\"https:\\\/\\\/elcoline.com\\\/fi\\\/elina-engmanista-elcoline-groupin-uusi-toimitusjohtaja\\\/#primaryimage\"},\"thumbnailUrl\":\"\",\"articleSection\":[\"release\",\"suomi\"],\"inLanguage\":\"fi\",\"potentialAction\":[{\"@type\":\"CommentAction\",\"name\":\"Comment\",\"target\":[\"https:\\\/\\\/elcoline.com\\\/fi\\\/elina-engmanista-elcoline-groupin-uusi-toimitusjohtaja\\\/#respond\"]}]},{\"@type\":\"WebPage\",\"@id\":\"https:\\\/\\\/elcoline.com\\\/fi\\\/elina-engmanista-elcoline-groupin-uusi-toimitusjohtaja\\\/\",\"url\":\"https:\\\/\\\/elcoline.com\\\/fi\\\/elina-engmanista-elcoline-groupin-uusi-toimitusjohtaja\\\/\",\"name\":\"Elina Engmanista Elcoline Groupin uusi toimitusjohtaja - Elcoline Group\",\"isPartOf\":{\"@id\":\"https:\\\/\\\/elcoline.com\\\/fi\\\/#website\"},\"primaryImageOfPage\":{\"@id\":\"https:\\\/\\\/elcoline.com\\\/fi\\\/elina-engmanista-elcoline-groupin-uusi-toimitusjohtaja\\\/#primaryimage\"},\"image\":{\"@id\":\"https:\\\/\\\/elcoline.com\\\/fi\\\/elina-engmanista-elcoline-groupin-uusi-toimitusjohtaja\\\/#primaryimage\"},\"thumbnailUrl\":\"\",\"datePublished\":\"2024-05-07T09:00:49+00:00\",\"author\":{\"@id\":\"https:\\\/\\\/elcoline.com\\\/fi\\\/#\\\/schema\\\/person\\\/87de24e6c96948362b697f808747d913\"},\"breadcrumb\":{\"@id\":\"https:\\\/\\\/elcoline.com\\\/fi\\\/elina-engmanista-elcoline-groupin-uusi-toimitusjohtaja\\\/#breadcrumb\"},\"inLanguage\":\"fi\",\"potentialAction\":[{\"@type\":\"ReadAction\",\"target\":[\"https:\\\/\\\/elcoline.com\\\/fi\\\/elina-engmanista-elcoline-groupin-uusi-toimitusjohtaja\\\/\"]}]},{\"@type\":\"ImageObject\",\"inLanguage\":\"fi\",\"@id\":\"https:\\\/\\\/elcoline.com\\\/fi\\\/elina-engmanista-elcoline-groupin-uusi-toimitusjohtaja\\\/#primaryimage\",\"url\":\"\",\"contentUrl\":\"\"},{\"@type\":\"WebSite\",\"@id\":\"https:\\\/\\\/elcoline.com\\\/fi\\\/#website\",\"url\":\"https:\\\/\\\/elcoline.com\\\/fi\\\/\",\"name\":\"Elcoline Group\",\"description\":\"\",\"potentialAction\":[{\"@type\":\"SearchAction\",\"target\":{\"@type\":\"EntryPoint\",\"urlTemplate\":\"https:\\\/\\\/elcoline.com\\\/fi\\\/?s={search_term_string}\"},\"query-input\":{\"@type\":\"PropertyValueSpecification\",\"valueRequired\":true,\"valueName\":\"search_term_string\"}}],\"inLanguage\":\"fi\"},{\"@type\":\"Person\",\"@id\":\"https:\\\/\\\/elcoline.com\\\/fi\\\/#\\\/schema\\\/person\\\/87de24e6c96948362b697f808747d913\",\"name\":\"sini\",\"url\":\"https:\\\/\\\/elcoline.com\\\/fi\\\/author\\\/sini\\\/\"}]}<\/script>\n<!-- \/ Yoast SEO plugin. -->","yoast_head_json":{"title":"Elina Engmanista Elcoline Groupin uusi toimitusjohtaja - Elcoline Group","robots":{"index":"index","follow":"follow","max-snippet":"max-snippet:-1","max-image-preview":"max-image-preview:large","max-video-preview":"max-video-preview:-1"},"canonical":"https:\/\/elcoline.com\/fi\/elina-engmanista-elcoline-groupin-uusi-toimitusjohtaja\/","og_locale":"fi_FI","og_type":"article","og_title":"Elina Engmanista Elcoline Groupin uusi toimitusjohtaja - Elcoline Group","og_description":"Elcoline Group Oy:n hallitus on nimitt\u00e4nyt Elina Engmanin yhti\u00f6n uudeksi toimitusjohtajaksi. H\u00e4n aloittaa teht\u00e4v\u00e4ss\u00e4\u00e4n 1.9.2024. Nykyinen toimitusjohtaja Leif Backman jatkaa teht\u00e4v\u00e4ss\u00e4\u00e4n uuden toimitusjohtajan aloittamiseen saakka. Elina Engman tuo mukanaan laajan kokemuksen ja osaamisen teollisuuden parista, mik\u00e4 on avain seuraavan kasvuvaiheen toteuttamiseen. H\u00e4n on toiminut aikaisemmin Caverion Teollisuuden vastaavana johtajana ja t\u00e4t\u00e4 ennen useissa eri johtoteht\u00e4viss\u00e4 [&hellip;]","og_url":"https:\/\/elcoline.com\/fi\/elina-engmanista-elcoline-groupin-uusi-toimitusjohtaja\/","og_site_name":"Elcoline Group","article_published_time":"2024-05-07T09:00:49+00:00","author":"sini","twitter_card":"summary_large_image","twitter_misc":{"Kirjoittanut":"sini","Arvioitu lukuaika":"3 minuuttia"},"schema":{"@context":"https:\/\/schema.org","@graph":[{"@type":"Article","@id":"https:\/\/elcoline.com\/fi\/elina-engmanista-elcoline-groupin-uusi-toimitusjohtaja\/#article","isPartOf":{"@id":"https:\/\/elcoline.com\/fi\/elina-engmanista-elcoline-groupin-uusi-toimitusjohtaja\/"},"author":{"name":"sini","@id":"https:\/\/elcoline.com\/fi\/#\/schema\/person\/87de24e6c96948362b697f808747d913"},"headline":"Elina Engmanista Elcoline Groupin uusi toimitusjohtaja","datePublished":"2024-05-07T09:00:49+00:00","mainEntityOfPage":{"@id":"https:\/\/elcoline.com\/fi\/elina-engmanista-elcoline-groupin-uusi-toimitusjohtaja\/"},"wordCount":538,"commentCount":0,"image":{"@id":"https:\/\/elcoline.com\/fi\/elina-engmanista-elcoline-groupin-uusi-toimitusjohtaja\/#primaryimage"},"thumbnailUrl":"","articleSection":["release","suomi"],"inLanguage":"fi","potentialAction":[{"@type":"CommentAction","name":"Comment","target":["https:\/\/elcoline.com\/fi\/elina-engmanista-elcoline-groupin-uusi-toimitusjohtaja\/#respond"]}]},{"@type":"WebPage","@id":"https:\/\/elcoline.com\/fi\/elina-engmanista-elcoline-groupin-uusi-toimitusjohtaja\/","url":"https:\/\/elcoline.com\/fi\/elina-engmanista-elcoline-groupin-uusi-toimitusjohtaja\/","name":"Elina Engmanista Elcoline Groupin uusi toimitusjohtaja - Elcoline Group","isPartOf":{"@id":"https:\/\/elcoline.com\/fi\/#website"},"primaryImageOfPage":{"@id":"https:\/\/elcoline.com\/fi\/elina-engmanista-elcoline-groupin-uusi-toimitusjohtaja\/#primaryimage"},"image":{"@id":"https:\/\/elcoline.com\/fi\/elina-engmanista-elcoline-groupin-uusi-toimitusjohtaja\/#primaryimage"},"thumbnailUrl":"","datePublished":"2024-05-07T09:00:49+00:00","author":{"@id":"https:\/\/elcoline.com\/fi\/#\/schema\/person\/87de24e6c96948362b697f808747d913"},"breadcrumb":{"@id":"https:\/\/elcoline.com\/fi\/elina-engmanista-elcoline-groupin-uusi-toimitusjohtaja\/#breadcrumb"},"inLanguage":"fi","potentialAction":[{"@type":"ReadAction","target":["https:\/\/elcoline.com\/fi\/elina-engmanista-elcoline-groupin-uusi-toimitusjohtaja\/"]}]},{"@type":"ImageObject","inLanguage":"fi","@id":"https:\/\/elcoline.com\/fi\/elina-engmanista-elcoline-groupin-uusi-toimitusjohtaja\/#primaryimage","url":"","contentUrl":""},{"@type":"WebSite","@id":"https:\/\/elcoline.com\/fi\/#website","url":"https:\/\/elcoline.com\/fi\/","name":"Elcoline Group","description":"","potentialAction":[{"@type":"SearchAction","target":{"@type":"EntryPoint","urlTemplate":"https:\/\/elcoline.com\/fi\/?s={search_term_string}"},"query-input":{"@type":"PropertyValueSpecification","valueRequired":true,"valueName":"search_term_string"}}],"inLanguage":"fi"},{"@type":"Person","@id":"https:\/\/elcoline.com\/fi\/#\/schema\/person\/87de24e6c96948362b697f808747d913","name":"sini","url":"https:\/\/elcoline.com\/fi\/author\/sini\/"}]}},"pbg_featured_image_src":{"full":false,"thumbnail":false,"medium":false,"medium_large":false,"large":false,"1536x1536":false,"2048x2048":false},"pbg_author_info":{"display_name":"sini","author_link":"https:\/\/elcoline.com\/fi\/author\/sini\/","author_img":false},"pbg_comment_info":" No Comments","pbg_excerpt":"Elcoline Group Oy:n hallitus on nimitt\u00e4nyt Elina Engmanin yhti\u00f6n uudeksi toimitusjohtajaksi. H\u00e4n aloittaa teht\u00e4v\u00e4ss\u00e4\u00e4n 1.9.2024. Nykyinen toimitusjohtaja Leif Backman jatkaa teht\u00e4v\u00e4ss\u00e4\u00e4n uuden toimitusjohtajan aloittamiseen saakka. Elina Engman tuo mukanaan laajan kokemuksen ja osaamisen teollisuuden parista, mik\u00e4 on avain seuraavan kasvuvaiheen toteuttamiseen. H\u00e4n on toiminut aikaisemmin Caverion Teollisuuden vastaavana johtajana ja t\u00e4t\u00e4 ennen useissa eri johtoteht\u00e4viss\u00e4&hellip;","_links":{"self":[{"href":"https:\/\/elcoline.com\/fi\/wp-json\/wp\/v2\/posts\/41011","targetHints":{"allow":["GET"]}}],"collection":[{"href":"https:\/\/elcoline.com\/fi\/wp-json\/wp\/v2\/posts"}],"about":[{"href":"https:\/\/elcoline.com\/fi\/wp-json\/wp\/v2\/types\/post"}],"author":[{"embeddable":true,"href":"https:\/\/elcoline.com\/fi\/wp-json\/wp\/v2\/users\/3"}],"replies":[{"embeddable":true,"href":"https:\/\/elcoline.com\/fi\/wp-json\/wp\/v2\/comments?post=41011"}],"version-history":[{"count":0,"href":"https:\/\/elcoline.com\/fi\/wp-json\/wp\/v2\/posts\/41011\/revisions"}],"wp:featuredmedia":[{"embeddable":true,"href":"https:\/\/elcoline.com\/fi\/wp-json\/"}],"wp:attachment":[{"href":"https:\/\/elcoline.com\/fi\/wp-json\/wp\/v2\/media?parent=41011"}],"wp:term":[{"taxonomy":"category","embeddable":true,"href":"https:\/\/elcoline.com\/fi\/wp-json\/wp\/v2\/categories?post=41011"},{"taxonomy":"post_tag","embeddable":true,"href":"https:\/\/elcoline.com\/fi\/wp-json\/wp\/v2\/tags?post=41011"}],"curies":[{"name":"wp","href":"https:\/\/api.w.org\/{rel}","templated":true}]}}