{"id":41082,"date":"2024-05-14T08:00:00","date_gmt":"2024-05-14T05:00:00","guid":{"rendered":"https:\/\/elcoline.fi\/?p=41082"},"modified":"2024-05-14T08:00:00","modified_gmt":"2024-05-14T05:00:00","slug":"elcoline-groupin-suomen-maajohtajaksi-tapio-waris","status":"publish","type":"post","link":"https:\/\/elcoline.com\/fi\/elcoline-groupin-suomen-maajohtajaksi-tapio-waris\/","title":{"rendered":"Elcoline Groupin Suomen maajohtajaksi Tapio Waris"},"content":{"rendered":"\n<p>Pohjoismainen teollisuuden teknisiin palveluihin, kuten kunnossapitoon ja vaativiin asennusprojekteihin erikoistuneen Elcoline Groupin Suomen maajohtajaksi on nimetty Tapio Waris. H\u00e4n aloittaa teht\u00e4v\u00e4ss\u00e4\u00e4n 14.9.2024 vastaten Elcolinen Suomen liiketoiminnasta sek\u00e4 Suomesta k\u00e4sin toteutettavista kansainv\u00e4lisist\u00e4 projekteista. Nykyinen maajohtaja Vesa-Pekka Heikkinen toimii teht\u00e4v\u00e4ss\u00e4\u00e4n Wariksen aloitukseen saakka, jonka j\u00e4lkeen h\u00e4n jatkaa yhti\u00f6ss\u00e4 muissa johtoteht\u00e4viss\u00e4.<\/p>\n\n\n\n<p>Tapio Waris tuo mukanaan kolmenkymmenen vuoden monipuolisen kokemuksen teollisuuden palveluyrityksist\u00e4 ja tuotannon johtoteht\u00e4vist\u00e4, mik\u00e4 antaa erinomaisen pohjan Elcolinen uusien kasvutavoitteiden kannattavaan toteuttamiseen. H\u00e4nell\u00e4 on vahva osaaminen teollisten asiakkuuksien kehitt\u00e4misest\u00e4 sek\u00e4 laaja yhteisty\u00f6- ja sidosryhm\u00e4verkosto. Liiketoimintojen kasvattaminen ulkoistusten ja yritysostojen avulla sek\u00e4 kasvuun liittyvien toimintamallien parhaiden k\u00e4yt\u00e4nt\u00f6jen hy\u00f6dynt\u00e4minen ovat Warikselle tuttuja edelt\u00e4vien teht\u00e4vien kautta. H\u00e4net tunnetaan omasta henkil\u00f6st\u00f6st\u00e4 ja asiakkaista huolehtivana sek\u00e4 jatkuvaan kehitt\u00e4miseen sitoutuneena johtajana. Waris on aiemmin toiminut Caverionin Teollisuus divisioonassa, jossa h\u00e4nell\u00e4 on ollut eri vastuualueita liiketoimintojen johtajana- ja kehitt\u00e4j\u00e4n\u00e4, viimeisimp\u00e4n\u00e4 Palvelukeskukset-liiketoiminta-alueen johtajana.<\/p>\n\n\n\n<p>&#8221;Elcoline on kehittynyt merkitt\u00e4v\u00e4ksi teollisuuden palveluyritykseksi, jolla on kattava palveluvalikoima, vahva uusi omistajapohja ja selke\u00e4 tavoitteellinen suunnitelma kasvaa edelleen alan johtavaksi toimijaksi. On hienoa p\u00e4\u00e4st\u00e4 ty\u00f6skentelem\u00e4\u00e4n teollisuuden ammattilaisten joukkoon, varsinkin nyt, kun kysynt\u00e4 laadukkaasti ja vastuullisesti tuotetusta palvelusta kasvaa\u201d, sanoo Elcoline Groupin tuleva Suomen maajohtaja Tapio Waris.<\/p>\n\n\n\n<p>\u201dOlemme iloisia saadessamme Tapion mukaan vahvistamaan yhti\u00f6t\u00e4mme. H\u00e4nen pitk\u00e4aikainen osaamisensa ja syv\u00e4llinen ymm\u00e4rryksens\u00e4 teollisuuden palveluista ja asiakkuuksista tekev\u00e4t h\u00e4nest\u00e4 merkitt\u00e4v\u00e4n lis\u00e4n Elcolinen johtoryhm\u00e4\u00e4n. Tapion johdolla tulemme Suomessa kehitt\u00e4m\u00e4\u00e4n toimintaamme ja kasvamaan kannattavasti kohti tavoitteitamme. Meill\u00e4 on jatkuva halu kehitty\u00e4 entist\u00e4 paremmaksi kumppaniksi asiakkaillemme sek\u00e4 ty\u00f6nantajaksi ty\u00f6ntekij\u00f6illemme\u201d, sanoo Elcoline Groupin hallituksen puheenjohtaja Jere R\u00e4is\u00e4nen.<\/p>\n\n\n\n<div style=\"height:29px\" aria-hidden=\"true\" class=\"wp-block-spacer\"><\/div>\n\n\n\n<h4 class=\"wp-block-heading\"><strong>Lis\u00e4tietoja:<\/strong><\/h4>\n\n\n\n<p><strong>Jere R\u00e4is\u00e4nen<\/strong><\/p>\n\n\n\n<p>Hallituksen puheenjohtaja<\/p>\n\n\n\n<p>Elcoline Group Oy<\/p>\n\n\n\n<p>+358 44 559 9144<\/p>\n\n\n\n<p>jere.raisanen@elcoline.fi<\/p>\n\n\n\n<div style=\"height:29px\" aria-hidden=\"true\" class=\"wp-block-spacer\"><\/div>\n\n\n\n<h4 class=\"wp-block-heading\"><strong><em>Elcoline lyhyesti<\/em><\/strong><\/h4>\n\n\n\n<p><em>Elcoline on Pohjoismainen teollisuuden teknisiin palveluihin erikoistunut kasvuyhti\u00f6, jonka asiakkaita ovat kansainv\u00e4liset teollisuusyritykset. Elcoline toteuttaa vaativia asennusprojekteja sek\u00e4 kunnossapitoa niin uusiin kuin olemassa oleviin kohteisiin eri teollisuudenaloille. Laadukkaita ja turvallisia palveluita tuottamalla varmistamme asiakkaidemme tuotantovarmuuden ja kilpailukyvyn.<\/em><\/p>\n\n\n\n<p><em>Elcolinen palveluita ovat kokonais- ja osakunnossapidon ulkoistukset, huollon palvelusopimukset sek\u00e4 vaativat asennusprojektit. Laaja palveluvalikoima kattaa niin mekaaniset asennukset, s\u00e4hk\u00f6-, automaatio- ja instrumentointity\u00f6t, putkistojen asennukset ja hitsaukset sek\u00e4 kunnonvalvonnan ja tiedonkeruun. Toteutamme my\u00f6s l\u00e4mm\u00f6nvaihtimien, h\u00f6yryakkujen ja painelaitteiden valmistukset ja huollot. Elcolinen asiakkaat toimivat metalli- ja kaivos-, meri-, energia-, puolustus- ja prosessiteollisuuden sek\u00e4 teollisen modulaarisen rakentamisen parissa.<\/em><em>&nbsp;<\/em><em><\/em><\/p>\n\n\n\n<p><em>Elcoline on perustettu vuonna 2002 ja se ty\u00f6llist\u00e4\u00e4 yhteens\u00e4 noin 800 ammattilaista Suomessa ja Ruotsissa sek\u00e4 huoltosopimuskohteissa ymp\u00e4ri maapalloa. Yhti\u00f6n liikevaihto nousee vuoden 2024 aikana 100 miljoonan euron luokkaan tuoreen yritysoston my\u00f6t\u00e4. Elcolinen omistajina ovat yhti\u00f6n perustajien, johdon sek\u00e4 henkil\u00f6st\u00f6n lis\u00e4ksi sijoittajatahot Evli, Keskin\u00e4inen Ty\u00f6el\u00e4kevakuutusyhti\u00f6 Elo, Suomen Teollisuussijoitus Tesi sek\u00e4 Arvo Sijoitusosuuskunta. Tavoitteenamme on kasvaa kannattavasti ja olla toimialamme arvostetuin kumppani asiakkaillemme sek\u00e4 halutuin ty\u00f6nantaja ty\u00f6ntekij\u00f6illemme. Lis\u00e4tietoja osoitteesta www.elcoline.fi.<\/em><em>&nbsp;<\/em><em><\/em><\/p>\n","protected":false},"excerpt":{"rendered":"<p>Pohjoismainen teollisuuden teknisiin palveluihin, kuten kunnossapitoon ja vaativiin asennusprojekteihin erikoistuneen Elcoline Groupin Suomen maajohtajaksi on nimetty Tapio Waris. H\u00e4n aloittaa teht\u00e4v\u00e4ss\u00e4\u00e4n 14.9.2024 vastaten Elcolinen Suomen liiketoiminnasta sek\u00e4 Suomesta k\u00e4sin toteutettavista kansainv\u00e4lisist\u00e4 projekteista. Nykyinen maajohtaja Vesa-Pekka Heikkinen toimii teht\u00e4v\u00e4ss\u00e4\u00e4n Wariksen aloitukseen saakka, jonka j\u00e4lkeen h\u00e4n jatkaa yhti\u00f6ss\u00e4 muissa johtoteht\u00e4viss\u00e4. Tapio Waris tuo mukanaan kolmenkymmenen vuoden monipuolisen [&hellip;]<\/p>\n","protected":false},"author":3,"featured_media":41092,"comment_status":"open","ping_status":"closed","sticky":false,"template":"","format":"standard","meta":{"footnotes":""},"categories":[49,50],"tags":[],"class_list":["post-41082","post","type-post","status-publish","format-standard","has-post-thumbnail","hentry","category-release","category-suomi"],"yoast_head":"<!-- This site is optimized with the Yoast SEO plugin v27.5 - https:\/\/yoast.com\/product\/yoast-seo-wordpress\/ -->\n<title>Elcoline Groupin Suomen maajohtajaksi Tapio Waris - Elcoline Group<\/title>\n<meta name=\"robots\" content=\"index, follow, max-snippet:-1, max-image-preview:large, max-video-preview:-1\" \/>\n<link rel=\"canonical\" href=\"https:\/\/elcoline.com\/fi\/elcoline-groupin-suomen-maajohtajaksi-tapio-waris\/\" \/>\n<meta property=\"og:locale\" content=\"fi_FI\" \/>\n<meta property=\"og:type\" content=\"article\" \/>\n<meta property=\"og:title\" content=\"Elcoline Groupin Suomen maajohtajaksi Tapio Waris - Elcoline Group\" \/>\n<meta property=\"og:description\" content=\"Pohjoismainen teollisuuden teknisiin palveluihin, kuten kunnossapitoon ja vaativiin asennusprojekteihin erikoistuneen Elcoline Groupin Suomen maajohtajaksi on nimetty Tapio Waris. H\u00e4n aloittaa teht\u00e4v\u00e4ss\u00e4\u00e4n 14.9.2024 vastaten Elcolinen Suomen liiketoiminnasta sek\u00e4 Suomesta k\u00e4sin toteutettavista kansainv\u00e4lisist\u00e4 projekteista. Nykyinen maajohtaja Vesa-Pekka Heikkinen toimii teht\u00e4v\u00e4ss\u00e4\u00e4n Wariksen aloitukseen saakka, jonka j\u00e4lkeen h\u00e4n jatkaa yhti\u00f6ss\u00e4 muissa johtoteht\u00e4viss\u00e4. Tapio Waris tuo mukanaan kolmenkymmenen vuoden monipuolisen [&hellip;]\" \/>\n<meta property=\"og:url\" content=\"https:\/\/elcoline.com\/fi\/elcoline-groupin-suomen-maajohtajaksi-tapio-waris\/\" \/>\n<meta property=\"og:site_name\" content=\"Elcoline Group\" \/>\n<meta property=\"article:published_time\" content=\"2024-05-14T05:00:00+00:00\" \/>\n<meta name=\"author\" content=\"sini\" \/>\n<meta name=\"twitter:card\" content=\"summary_large_image\" \/>\n<meta name=\"twitter:label1\" content=\"Kirjoittanut\" \/>\n\t<meta name=\"twitter:data1\" content=\"sini\" \/>\n\t<meta name=\"twitter:label2\" content=\"Arvioitu lukuaika\" \/>\n\t<meta name=\"twitter:data2\" content=\"2 minuuttia\" \/>\n<script type=\"application\/ld+json\" class=\"yoast-schema-graph\">{\"@context\":\"https:\\\/\\\/schema.org\",\"@graph\":[{\"@type\":\"Article\",\"@id\":\"https:\\\/\\\/elcoline.com\\\/fi\\\/elcoline-groupin-suomen-maajohtajaksi-tapio-waris\\\/#article\",\"isPartOf\":{\"@id\":\"https:\\\/\\\/elcoline.com\\\/fi\\\/elcoline-groupin-suomen-maajohtajaksi-tapio-waris\\\/\"},\"author\":{\"name\":\"sini\",\"@id\":\"https:\\\/\\\/elcoline.com\\\/fi\\\/#\\\/schema\\\/person\\\/87de24e6c96948362b697f808747d913\"},\"headline\":\"Elcoline Groupin Suomen maajohtajaksi Tapio Waris\",\"datePublished\":\"2024-05-14T05:00:00+00:00\",\"mainEntityOfPage\":{\"@id\":\"https:\\\/\\\/elcoline.com\\\/fi\\\/elcoline-groupin-suomen-maajohtajaksi-tapio-waris\\\/\"},\"wordCount\":496,\"commentCount\":0,\"image\":{\"@id\":\"https:\\\/\\\/elcoline.com\\\/fi\\\/elcoline-groupin-suomen-maajohtajaksi-tapio-waris\\\/#primaryimage\"},\"thumbnailUrl\":\"https:\\\/\\\/elcoline.com\\\/wp-content\\\/uploads\\\/2024\\\/05\\\/tapio_waris_-copy.jpeg\",\"articleSection\":[\"release\",\"suomi\"],\"inLanguage\":\"fi\",\"potentialAction\":[{\"@type\":\"CommentAction\",\"name\":\"Comment\",\"target\":[\"https:\\\/\\\/elcoline.com\\\/fi\\\/elcoline-groupin-suomen-maajohtajaksi-tapio-waris\\\/#respond\"]}]},{\"@type\":\"WebPage\",\"@id\":\"https:\\\/\\\/elcoline.com\\\/fi\\\/elcoline-groupin-suomen-maajohtajaksi-tapio-waris\\\/\",\"url\":\"https:\\\/\\\/elcoline.com\\\/fi\\\/elcoline-groupin-suomen-maajohtajaksi-tapio-waris\\\/\",\"name\":\"Elcoline Groupin Suomen maajohtajaksi Tapio Waris - Elcoline Group\",\"isPartOf\":{\"@id\":\"https:\\\/\\\/elcoline.com\\\/fi\\\/#website\"},\"primaryImageOfPage\":{\"@id\":\"https:\\\/\\\/elcoline.com\\\/fi\\\/elcoline-groupin-suomen-maajohtajaksi-tapio-waris\\\/#primaryimage\"},\"image\":{\"@id\":\"https:\\\/\\\/elcoline.com\\\/fi\\\/elcoline-groupin-suomen-maajohtajaksi-tapio-waris\\\/#primaryimage\"},\"thumbnailUrl\":\"https:\\\/\\\/elcoline.com\\\/wp-content\\\/uploads\\\/2024\\\/05\\\/tapio_waris_-copy.jpeg\",\"datePublished\":\"2024-05-14T05:00:00+00:00\",\"author\":{\"@id\":\"https:\\\/\\\/elcoline.com\\\/fi\\\/#\\\/schema\\\/person\\\/87de24e6c96948362b697f808747d913\"},\"breadcrumb\":{\"@id\":\"https:\\\/\\\/elcoline.com\\\/fi\\\/elcoline-groupin-suomen-maajohtajaksi-tapio-waris\\\/#breadcrumb\"},\"inLanguage\":\"fi\",\"potentialAction\":[{\"@type\":\"ReadAction\",\"target\":[\"https:\\\/\\\/elcoline.com\\\/fi\\\/elcoline-groupin-suomen-maajohtajaksi-tapio-waris\\\/\"]}]},{\"@type\":\"ImageObject\",\"inLanguage\":\"fi\",\"@id\":\"https:\\\/\\\/elcoline.com\\\/fi\\\/elcoline-groupin-suomen-maajohtajaksi-tapio-waris\\\/#primaryimage\",\"url\":\"https:\\\/\\\/elcoline.com\\\/wp-content\\\/uploads\\\/2024\\\/05\\\/tapio_waris_-copy.jpeg\",\"contentUrl\":\"https:\\\/\\\/elcoline.com\\\/wp-content\\\/uploads\\\/2024\\\/05\\\/tapio_waris_-copy.jpeg\",\"width\":640,\"height\":508,\"caption\":\"Pohjoismainen teollisuuden teknisiin palveluihin erikoistunut Elcoline on nimitt\u00e4nyt Tapio Wariksen Suomen maajohtajakseen. Waris on kokenut teollisuuden alan osaaja, jonka avulla Elcoline tulee entisest\u00e4\u00e4n kehitt\u00e4m\u00e4\u00e4n ja kasvattamaan toimintaansa. Kuva: Elcoline\"},{\"@type\":\"WebSite\",\"@id\":\"https:\\\/\\\/elcoline.com\\\/fi\\\/#website\",\"url\":\"https:\\\/\\\/elcoline.com\\\/fi\\\/\",\"name\":\"Elcoline Group\",\"description\":\"\",\"potentialAction\":[{\"@type\":\"SearchAction\",\"target\":{\"@type\":\"EntryPoint\",\"urlTemplate\":\"https:\\\/\\\/elcoline.com\\\/fi\\\/?s={search_term_string}\"},\"query-input\":{\"@type\":\"PropertyValueSpecification\",\"valueRequired\":true,\"valueName\":\"search_term_string\"}}],\"inLanguage\":\"fi\"},{\"@type\":\"Person\",\"@id\":\"https:\\\/\\\/elcoline.com\\\/fi\\\/#\\\/schema\\\/person\\\/87de24e6c96948362b697f808747d913\",\"name\":\"sini\",\"url\":\"https:\\\/\\\/elcoline.com\\\/fi\\\/author\\\/sini\\\/\"}]}<\/script>\n<!-- \/ Yoast SEO plugin. -->","yoast_head_json":{"title":"Elcoline Groupin Suomen maajohtajaksi Tapio Waris - Elcoline Group","robots":{"index":"index","follow":"follow","max-snippet":"max-snippet:-1","max-image-preview":"max-image-preview:large","max-video-preview":"max-video-preview:-1"},"canonical":"https:\/\/elcoline.com\/fi\/elcoline-groupin-suomen-maajohtajaksi-tapio-waris\/","og_locale":"fi_FI","og_type":"article","og_title":"Elcoline Groupin Suomen maajohtajaksi Tapio Waris - Elcoline Group","og_description":"Pohjoismainen teollisuuden teknisiin palveluihin, kuten kunnossapitoon ja vaativiin asennusprojekteihin erikoistuneen Elcoline Groupin Suomen maajohtajaksi on nimetty Tapio Waris. H\u00e4n aloittaa teht\u00e4v\u00e4ss\u00e4\u00e4n 14.9.2024 vastaten Elcolinen Suomen liiketoiminnasta sek\u00e4 Suomesta k\u00e4sin toteutettavista kansainv\u00e4lisist\u00e4 projekteista. Nykyinen maajohtaja Vesa-Pekka Heikkinen toimii teht\u00e4v\u00e4ss\u00e4\u00e4n Wariksen aloitukseen saakka, jonka j\u00e4lkeen h\u00e4n jatkaa yhti\u00f6ss\u00e4 muissa johtoteht\u00e4viss\u00e4. Tapio Waris tuo mukanaan kolmenkymmenen vuoden monipuolisen [&hellip;]","og_url":"https:\/\/elcoline.com\/fi\/elcoline-groupin-suomen-maajohtajaksi-tapio-waris\/","og_site_name":"Elcoline Group","article_published_time":"2024-05-14T05:00:00+00:00","author":"sini","twitter_card":"summary_large_image","twitter_misc":{"Kirjoittanut":"sini","Arvioitu lukuaika":"2 minuuttia"},"schema":{"@context":"https:\/\/schema.org","@graph":[{"@type":"Article","@id":"https:\/\/elcoline.com\/fi\/elcoline-groupin-suomen-maajohtajaksi-tapio-waris\/#article","isPartOf":{"@id":"https:\/\/elcoline.com\/fi\/elcoline-groupin-suomen-maajohtajaksi-tapio-waris\/"},"author":{"name":"sini","@id":"https:\/\/elcoline.com\/fi\/#\/schema\/person\/87de24e6c96948362b697f808747d913"},"headline":"Elcoline Groupin Suomen maajohtajaksi Tapio Waris","datePublished":"2024-05-14T05:00:00+00:00","mainEntityOfPage":{"@id":"https:\/\/elcoline.com\/fi\/elcoline-groupin-suomen-maajohtajaksi-tapio-waris\/"},"wordCount":496,"commentCount":0,"image":{"@id":"https:\/\/elcoline.com\/fi\/elcoline-groupin-suomen-maajohtajaksi-tapio-waris\/#primaryimage"},"thumbnailUrl":"https:\/\/elcoline.com\/wp-content\/uploads\/2024\/05\/tapio_waris_-copy.jpeg","articleSection":["release","suomi"],"inLanguage":"fi","potentialAction":[{"@type":"CommentAction","name":"Comment","target":["https:\/\/elcoline.com\/fi\/elcoline-groupin-suomen-maajohtajaksi-tapio-waris\/#respond"]}]},{"@type":"WebPage","@id":"https:\/\/elcoline.com\/fi\/elcoline-groupin-suomen-maajohtajaksi-tapio-waris\/","url":"https:\/\/elcoline.com\/fi\/elcoline-groupin-suomen-maajohtajaksi-tapio-waris\/","name":"Elcoline Groupin Suomen maajohtajaksi Tapio Waris - Elcoline Group","isPartOf":{"@id":"https:\/\/elcoline.com\/fi\/#website"},"primaryImageOfPage":{"@id":"https:\/\/elcoline.com\/fi\/elcoline-groupin-suomen-maajohtajaksi-tapio-waris\/#primaryimage"},"image":{"@id":"https:\/\/elcoline.com\/fi\/elcoline-groupin-suomen-maajohtajaksi-tapio-waris\/#primaryimage"},"thumbnailUrl":"https:\/\/elcoline.com\/wp-content\/uploads\/2024\/05\/tapio_waris_-copy.jpeg","datePublished":"2024-05-14T05:00:00+00:00","author":{"@id":"https:\/\/elcoline.com\/fi\/#\/schema\/person\/87de24e6c96948362b697f808747d913"},"breadcrumb":{"@id":"https:\/\/elcoline.com\/fi\/elcoline-groupin-suomen-maajohtajaksi-tapio-waris\/#breadcrumb"},"inLanguage":"fi","potentialAction":[{"@type":"ReadAction","target":["https:\/\/elcoline.com\/fi\/elcoline-groupin-suomen-maajohtajaksi-tapio-waris\/"]}]},{"@type":"ImageObject","inLanguage":"fi","@id":"https:\/\/elcoline.com\/fi\/elcoline-groupin-suomen-maajohtajaksi-tapio-waris\/#primaryimage","url":"https:\/\/elcoline.com\/wp-content\/uploads\/2024\/05\/tapio_waris_-copy.jpeg","contentUrl":"https:\/\/elcoline.com\/wp-content\/uploads\/2024\/05\/tapio_waris_-copy.jpeg","width":640,"height":508,"caption":"Pohjoismainen teollisuuden teknisiin palveluihin erikoistunut Elcoline on nimitt\u00e4nyt Tapio Wariksen Suomen maajohtajakseen. Waris on kokenut teollisuuden alan osaaja, jonka avulla Elcoline tulee entisest\u00e4\u00e4n kehitt\u00e4m\u00e4\u00e4n ja kasvattamaan toimintaansa. Kuva: Elcoline"},{"@type":"WebSite","@id":"https:\/\/elcoline.com\/fi\/#website","url":"https:\/\/elcoline.com\/fi\/","name":"Elcoline Group","description":"","potentialAction":[{"@type":"SearchAction","target":{"@type":"EntryPoint","urlTemplate":"https:\/\/elcoline.com\/fi\/?s={search_term_string}"},"query-input":{"@type":"PropertyValueSpecification","valueRequired":true,"valueName":"search_term_string"}}],"inLanguage":"fi"},{"@type":"Person","@id":"https:\/\/elcoline.com\/fi\/#\/schema\/person\/87de24e6c96948362b697f808747d913","name":"sini","url":"https:\/\/elcoline.com\/fi\/author\/sini\/"}]}},"pbg_featured_image_src":{"full":["https:\/\/elcoline.com\/wp-content\/uploads\/2024\/05\/tapio_waris_-copy.jpeg",640,508,false],"thumbnail":["https:\/\/elcoline.com\/wp-content\/uploads\/2024\/05\/tapio_waris_-copy-150x150.jpeg",150,150,true],"medium":["https:\/\/elcoline.com\/wp-content\/uploads\/2024\/05\/tapio_waris_-copy-300x238.jpeg",300,238,true],"medium_large":["https:\/\/elcoline.com\/wp-content\/uploads\/2024\/05\/tapio_waris_-copy.jpeg",640,508,false],"large":["https:\/\/elcoline.com\/wp-content\/uploads\/2024\/05\/tapio_waris_-copy.jpeg",640,508,false],"1536x1536":["https:\/\/elcoline.com\/wp-content\/uploads\/2024\/05\/tapio_waris_-copy.jpeg",640,508,false],"2048x2048":["https:\/\/elcoline.com\/wp-content\/uploads\/2024\/05\/tapio_waris_-copy.jpeg",640,508,false]},"pbg_author_info":{"display_name":"sini","author_link":"https:\/\/elcoline.com\/fi\/author\/sini\/","author_img":false},"pbg_comment_info":" No Comments","pbg_excerpt":"Pohjoismainen teollisuuden teknisiin palveluihin, kuten kunnossapitoon ja vaativiin asennusprojekteihin erikoistuneen Elcoline Groupin Suomen maajohtajaksi on nimetty Tapio Waris. H\u00e4n aloittaa teht\u00e4v\u00e4ss\u00e4\u00e4n 14.9.2024 vastaten Elcolinen Suomen liiketoiminnasta sek\u00e4 Suomesta k\u00e4sin toteutettavista kansainv\u00e4lisist\u00e4 projekteista. Nykyinen maajohtaja Vesa-Pekka Heikkinen toimii teht\u00e4v\u00e4ss\u00e4\u00e4n Wariksen aloitukseen saakka, jonka j\u00e4lkeen h\u00e4n jatkaa yhti\u00f6ss\u00e4 muissa johtoteht\u00e4viss\u00e4. Tapio Waris tuo mukanaan kolmenkymmenen vuoden monipuolisen&hellip;","_links":{"self":[{"href":"https:\/\/elcoline.com\/fi\/wp-json\/wp\/v2\/posts\/41082","targetHints":{"allow":["GET"]}}],"collection":[{"href":"https:\/\/elcoline.com\/fi\/wp-json\/wp\/v2\/posts"}],"about":[{"href":"https:\/\/elcoline.com\/fi\/wp-json\/wp\/v2\/types\/post"}],"author":[{"embeddable":true,"href":"https:\/\/elcoline.com\/fi\/wp-json\/wp\/v2\/users\/3"}],"replies":[{"embeddable":true,"href":"https:\/\/elcoline.com\/fi\/wp-json\/wp\/v2\/comments?post=41082"}],"version-history":[{"count":0,"href":"https:\/\/elcoline.com\/fi\/wp-json\/wp\/v2\/posts\/41082\/revisions"}],"wp:featuredmedia":[{"embeddable":true,"href":"https:\/\/elcoline.com\/fi\/wp-json\/wp\/v2\/media\/41092"}],"wp:attachment":[{"href":"https:\/\/elcoline.com\/fi\/wp-json\/wp\/v2\/media?parent=41082"}],"wp:term":[{"taxonomy":"category","embeddable":true,"href":"https:\/\/elcoline.com\/fi\/wp-json\/wp\/v2\/categories?post=41082"},{"taxonomy":"post_tag","embeddable":true,"href":"https:\/\/elcoline.com\/fi\/wp-json\/wp\/v2\/tags?post=41082"}],"curies":[{"name":"wp","href":"https:\/\/api.w.org\/{rel}","templated":true}]}}