{"id":41717,"date":"2024-05-26T15:20:55","date_gmt":"2024-05-26T12:20:55","guid":{"rendered":"https:\/\/elcoline.fi\/?p=41717"},"modified":"2024-05-26T15:20:55","modified_gmt":"2024-05-26T12:20:55","slug":"ssg-sahala-oyn-konepajan-tulipalon-vaikutuksia-selvitetaan","status":"publish","type":"post","link":"https:\/\/elcoline.com\/fi\/ssg-sahala-oyn-konepajan-tulipalon-vaikutuksia-selvitetaan\/","title":{"rendered":"SSG Sahala Oy:n konepajan tulipalon vaikutuksia selvitet\u00e4\u00e4n\u00a0"},"content":{"rendered":"\n<p>Sahala Kiinteist\u00f6t Oy:n Varkauden toimitiloissa (Kiertosilta 11, 78300 Varkaus) on syttynyt tulipalo aamuy\u00f6st\u00e4 26.5.2024. Paloviranomaiset vastaanottivat h\u00e4lytyksen klo 4.09 konepajan toimistotiloista. Palossa ei ole henkil\u00f6vahinkoja. Syttymissyyt\u00e4 ei toistaiseksi tiedet\u00e4.<\/p>\n\n\n\n<p>Konepajan tuotannon jatkumista arvioidaan heti sammutust\u00f6iden p\u00e4\u00e4tytty\u00e4. Silloin Elcoline Group Oy ja Sahala Kiinteist\u00f6t Oy arvioivat yhdess\u00e4 my\u00f6s palaneiden toimisto- ja sosiaalitilojen tilannetta.<\/p>\n\n\n\n<p>Tulipalon vaikutuksia Elcoline Group Oy:n SSG Sahala -tyt\u00e4ryhti\u00f6n palveluihin ja tuotantoon arvioidaan parhaillaan. Tulemme olemaan pikaisesti yhteydess\u00e4 asiakkaisiimme mahdollisista toimituksiin liittyvist\u00e4 vaikutuksista.&nbsp;<\/p>\n","protected":false},"excerpt":{"rendered":"<p>Sahala Kiinteist\u00f6t Oy:n Varkauden toimitiloissa (Kiertosilta 11, 78300 Varkaus) on syttynyt tulipalo aamuy\u00f6st\u00e4 26.5.2024. Paloviranomaiset vastaanottivat h\u00e4lytyksen klo 4.09 konepajan toimistotiloista. Palossa ei ole henkil\u00f6vahinkoja. Syttymissyyt\u00e4 ei toistaiseksi tiedet\u00e4. Konepajan tuotannon jatkumista arvioidaan heti sammutust\u00f6iden p\u00e4\u00e4tytty\u00e4. Silloin Elcoline Group Oy ja Sahala Kiinteist\u00f6t Oy arvioivat yhdess\u00e4 my\u00f6s palaneiden toimisto- ja sosiaalitilojen tilannetta. Tulipalon vaikutuksia Elcoline [&hellip;]<\/p>\n","protected":false},"author":3,"featured_media":0,"comment_status":"open","ping_status":"closed","sticky":false,"template":"","format":"standard","meta":{"footnotes":""},"categories":[49,50],"tags":[],"class_list":["post-41717","post","type-post","status-publish","format-standard","hentry","category-release","category-suomi"],"yoast_head":"<!-- This site is optimized with the Yoast SEO plugin v27.5 - https:\/\/yoast.com\/product\/yoast-seo-wordpress\/ -->\n<title>SSG Sahala Oy:n konepajan tulipalon vaikutuksia selvitet\u00e4\u00e4n\u00a0 - Elcoline Group<\/title>\n<meta name=\"robots\" content=\"index, follow, max-snippet:-1, max-image-preview:large, max-video-preview:-1\" \/>\n<link rel=\"canonical\" href=\"https:\/\/elcoline.com\/fi\/ssg-sahala-oyn-konepajan-tulipalon-vaikutuksia-selvitetaan\/\" \/>\n<meta property=\"og:locale\" content=\"fi_FI\" \/>\n<meta property=\"og:type\" content=\"article\" \/>\n<meta property=\"og:title\" content=\"SSG Sahala Oy:n konepajan tulipalon vaikutuksia selvitet\u00e4\u00e4n\u00a0 - Elcoline Group\" \/>\n<meta property=\"og:description\" content=\"Sahala Kiinteist\u00f6t Oy:n Varkauden toimitiloissa (Kiertosilta 11, 78300 Varkaus) on syttynyt tulipalo aamuy\u00f6st\u00e4 26.5.2024. Paloviranomaiset vastaanottivat h\u00e4lytyksen klo 4.09 konepajan toimistotiloista. Palossa ei ole henkil\u00f6vahinkoja. Syttymissyyt\u00e4 ei toistaiseksi tiedet\u00e4. Konepajan tuotannon jatkumista arvioidaan heti sammutust\u00f6iden p\u00e4\u00e4tytty\u00e4. Silloin Elcoline Group Oy ja Sahala Kiinteist\u00f6t Oy arvioivat yhdess\u00e4 my\u00f6s palaneiden toimisto- ja sosiaalitilojen tilannetta. Tulipalon vaikutuksia Elcoline [&hellip;]\" \/>\n<meta property=\"og:url\" content=\"https:\/\/elcoline.com\/fi\/ssg-sahala-oyn-konepajan-tulipalon-vaikutuksia-selvitetaan\/\" \/>\n<meta property=\"og:site_name\" content=\"Elcoline Group\" \/>\n<meta property=\"article:published_time\" content=\"2024-05-26T12:20:55+00:00\" \/>\n<meta name=\"author\" content=\"sini\" \/>\n<meta name=\"twitter:card\" content=\"summary_large_image\" \/>\n<meta name=\"twitter:label1\" content=\"Kirjoittanut\" \/>\n\t<meta name=\"twitter:data1\" content=\"sini\" \/>\n<script type=\"application\/ld+json\" class=\"yoast-schema-graph\">{\"@context\":\"https:\\\/\\\/schema.org\",\"@graph\":[{\"@type\":\"Article\",\"@id\":\"https:\\\/\\\/elcoline.com\\\/fi\\\/ssg-sahala-oyn-konepajan-tulipalon-vaikutuksia-selvitetaan\\\/#article\",\"isPartOf\":{\"@id\":\"https:\\\/\\\/elcoline.com\\\/fi\\\/ssg-sahala-oyn-konepajan-tulipalon-vaikutuksia-selvitetaan\\\/\"},\"author\":{\"name\":\"sini\",\"@id\":\"https:\\\/\\\/elcoline.com\\\/fi\\\/#\\\/schema\\\/person\\\/87de24e6c96948362b697f808747d913\"},\"headline\":\"SSG Sahala Oy:n konepajan tulipalon vaikutuksia selvitet\u00e4\u00e4n\u00a0\",\"datePublished\":\"2024-05-26T12:20:55+00:00\",\"mainEntityOfPage\":{\"@id\":\"https:\\\/\\\/elcoline.com\\\/fi\\\/ssg-sahala-oyn-konepajan-tulipalon-vaikutuksia-selvitetaan\\\/\"},\"wordCount\":92,\"commentCount\":0,\"articleSection\":[\"release\",\"suomi\"],\"inLanguage\":\"fi\",\"potentialAction\":[{\"@type\":\"CommentAction\",\"name\":\"Comment\",\"target\":[\"https:\\\/\\\/elcoline.com\\\/fi\\\/ssg-sahala-oyn-konepajan-tulipalon-vaikutuksia-selvitetaan\\\/#respond\"]}]},{\"@type\":\"WebPage\",\"@id\":\"https:\\\/\\\/elcoline.com\\\/fi\\\/ssg-sahala-oyn-konepajan-tulipalon-vaikutuksia-selvitetaan\\\/\",\"url\":\"https:\\\/\\\/elcoline.com\\\/fi\\\/ssg-sahala-oyn-konepajan-tulipalon-vaikutuksia-selvitetaan\\\/\",\"name\":\"SSG Sahala Oy:n konepajan tulipalon vaikutuksia selvitet\u00e4\u00e4n\u00a0 - Elcoline Group\",\"isPartOf\":{\"@id\":\"https:\\\/\\\/elcoline.com\\\/fi\\\/#website\"},\"datePublished\":\"2024-05-26T12:20:55+00:00\",\"author\":{\"@id\":\"https:\\\/\\\/elcoline.com\\\/fi\\\/#\\\/schema\\\/person\\\/87de24e6c96948362b697f808747d913\"},\"breadcrumb\":{\"@id\":\"https:\\\/\\\/elcoline.com\\\/fi\\\/ssg-sahala-oyn-konepajan-tulipalon-vaikutuksia-selvitetaan\\\/#breadcrumb\"},\"inLanguage\":\"fi\",\"potentialAction\":[{\"@type\":\"ReadAction\",\"target\":[\"https:\\\/\\\/elcoline.com\\\/fi\\\/ssg-sahala-oyn-konepajan-tulipalon-vaikutuksia-selvitetaan\\\/\"]}]},{\"@type\":\"WebSite\",\"@id\":\"https:\\\/\\\/elcoline.com\\\/fi\\\/#website\",\"url\":\"https:\\\/\\\/elcoline.com\\\/fi\\\/\",\"name\":\"Elcoline Group\",\"description\":\"\",\"potentialAction\":[{\"@type\":\"SearchAction\",\"target\":{\"@type\":\"EntryPoint\",\"urlTemplate\":\"https:\\\/\\\/elcoline.com\\\/fi\\\/?s={search_term_string}\"},\"query-input\":{\"@type\":\"PropertyValueSpecification\",\"valueRequired\":true,\"valueName\":\"search_term_string\"}}],\"inLanguage\":\"fi\"},{\"@type\":\"Person\",\"@id\":\"https:\\\/\\\/elcoline.com\\\/fi\\\/#\\\/schema\\\/person\\\/87de24e6c96948362b697f808747d913\",\"name\":\"sini\",\"url\":\"https:\\\/\\\/elcoline.com\\\/fi\\\/author\\\/sini\\\/\"}]}<\/script>\n<!-- \/ Yoast SEO plugin. -->","yoast_head_json":{"title":"SSG Sahala Oy:n konepajan tulipalon vaikutuksia selvitet\u00e4\u00e4n\u00a0 - Elcoline Group","robots":{"index":"index","follow":"follow","max-snippet":"max-snippet:-1","max-image-preview":"max-image-preview:large","max-video-preview":"max-video-preview:-1"},"canonical":"https:\/\/elcoline.com\/fi\/ssg-sahala-oyn-konepajan-tulipalon-vaikutuksia-selvitetaan\/","og_locale":"fi_FI","og_type":"article","og_title":"SSG Sahala Oy:n konepajan tulipalon vaikutuksia selvitet\u00e4\u00e4n\u00a0 - Elcoline Group","og_description":"Sahala Kiinteist\u00f6t Oy:n Varkauden toimitiloissa (Kiertosilta 11, 78300 Varkaus) on syttynyt tulipalo aamuy\u00f6st\u00e4 26.5.2024. Paloviranomaiset vastaanottivat h\u00e4lytyksen klo 4.09 konepajan toimistotiloista. Palossa ei ole henkil\u00f6vahinkoja. Syttymissyyt\u00e4 ei toistaiseksi tiedet\u00e4. Konepajan tuotannon jatkumista arvioidaan heti sammutust\u00f6iden p\u00e4\u00e4tytty\u00e4. Silloin Elcoline Group Oy ja Sahala Kiinteist\u00f6t Oy arvioivat yhdess\u00e4 my\u00f6s palaneiden toimisto- ja sosiaalitilojen tilannetta. Tulipalon vaikutuksia Elcoline [&hellip;]","og_url":"https:\/\/elcoline.com\/fi\/ssg-sahala-oyn-konepajan-tulipalon-vaikutuksia-selvitetaan\/","og_site_name":"Elcoline Group","article_published_time":"2024-05-26T12:20:55+00:00","author":"sini","twitter_card":"summary_large_image","twitter_misc":{"Kirjoittanut":"sini"},"schema":{"@context":"https:\/\/schema.org","@graph":[{"@type":"Article","@id":"https:\/\/elcoline.com\/fi\/ssg-sahala-oyn-konepajan-tulipalon-vaikutuksia-selvitetaan\/#article","isPartOf":{"@id":"https:\/\/elcoline.com\/fi\/ssg-sahala-oyn-konepajan-tulipalon-vaikutuksia-selvitetaan\/"},"author":{"name":"sini","@id":"https:\/\/elcoline.com\/fi\/#\/schema\/person\/87de24e6c96948362b697f808747d913"},"headline":"SSG Sahala Oy:n konepajan tulipalon vaikutuksia selvitet\u00e4\u00e4n\u00a0","datePublished":"2024-05-26T12:20:55+00:00","mainEntityOfPage":{"@id":"https:\/\/elcoline.com\/fi\/ssg-sahala-oyn-konepajan-tulipalon-vaikutuksia-selvitetaan\/"},"wordCount":92,"commentCount":0,"articleSection":["release","suomi"],"inLanguage":"fi","potentialAction":[{"@type":"CommentAction","name":"Comment","target":["https:\/\/elcoline.com\/fi\/ssg-sahala-oyn-konepajan-tulipalon-vaikutuksia-selvitetaan\/#respond"]}]},{"@type":"WebPage","@id":"https:\/\/elcoline.com\/fi\/ssg-sahala-oyn-konepajan-tulipalon-vaikutuksia-selvitetaan\/","url":"https:\/\/elcoline.com\/fi\/ssg-sahala-oyn-konepajan-tulipalon-vaikutuksia-selvitetaan\/","name":"SSG Sahala Oy:n konepajan tulipalon vaikutuksia selvitet\u00e4\u00e4n\u00a0 - Elcoline Group","isPartOf":{"@id":"https:\/\/elcoline.com\/fi\/#website"},"datePublished":"2024-05-26T12:20:55+00:00","author":{"@id":"https:\/\/elcoline.com\/fi\/#\/schema\/person\/87de24e6c96948362b697f808747d913"},"breadcrumb":{"@id":"https:\/\/elcoline.com\/fi\/ssg-sahala-oyn-konepajan-tulipalon-vaikutuksia-selvitetaan\/#breadcrumb"},"inLanguage":"fi","potentialAction":[{"@type":"ReadAction","target":["https:\/\/elcoline.com\/fi\/ssg-sahala-oyn-konepajan-tulipalon-vaikutuksia-selvitetaan\/"]}]},{"@type":"WebSite","@id":"https:\/\/elcoline.com\/fi\/#website","url":"https:\/\/elcoline.com\/fi\/","name":"Elcoline Group","description":"","potentialAction":[{"@type":"SearchAction","target":{"@type":"EntryPoint","urlTemplate":"https:\/\/elcoline.com\/fi\/?s={search_term_string}"},"query-input":{"@type":"PropertyValueSpecification","valueRequired":true,"valueName":"search_term_string"}}],"inLanguage":"fi"},{"@type":"Person","@id":"https:\/\/elcoline.com\/fi\/#\/schema\/person\/87de24e6c96948362b697f808747d913","name":"sini","url":"https:\/\/elcoline.com\/fi\/author\/sini\/"}]}},"pbg_featured_image_src":{"full":false,"thumbnail":false,"medium":false,"medium_large":false,"large":false,"1536x1536":false,"2048x2048":false},"pbg_author_info":{"display_name":"sini","author_link":"https:\/\/elcoline.com\/fi\/author\/sini\/","author_img":false},"pbg_comment_info":" No Comments","pbg_excerpt":"Sahala Kiinteist\u00f6t Oy:n Varkauden toimitiloissa (Kiertosilta 11, 78300 Varkaus) on syttynyt tulipalo aamuy\u00f6st\u00e4 26.5.2024. Paloviranomaiset vastaanottivat h\u00e4lytyksen klo 4.09 konepajan toimistotiloista. Palossa ei ole henkil\u00f6vahinkoja. Syttymissyyt\u00e4 ei toistaiseksi tiedet\u00e4. Konepajan tuotannon jatkumista arvioidaan heti sammutust\u00f6iden p\u00e4\u00e4tytty\u00e4. Silloin Elcoline Group Oy ja Sahala Kiinteist\u00f6t Oy arvioivat yhdess\u00e4 my\u00f6s palaneiden toimisto- ja sosiaalitilojen tilannetta. Tulipalon vaikutuksia Elcoline&hellip;","_links":{"self":[{"href":"https:\/\/elcoline.com\/fi\/wp-json\/wp\/v2\/posts\/41717","targetHints":{"allow":["GET"]}}],"collection":[{"href":"https:\/\/elcoline.com\/fi\/wp-json\/wp\/v2\/posts"}],"about":[{"href":"https:\/\/elcoline.com\/fi\/wp-json\/wp\/v2\/types\/post"}],"author":[{"embeddable":true,"href":"https:\/\/elcoline.com\/fi\/wp-json\/wp\/v2\/users\/3"}],"replies":[{"embeddable":true,"href":"https:\/\/elcoline.com\/fi\/wp-json\/wp\/v2\/comments?post=41717"}],"version-history":[{"count":0,"href":"https:\/\/elcoline.com\/fi\/wp-json\/wp\/v2\/posts\/41717\/revisions"}],"wp:attachment":[{"href":"https:\/\/elcoline.com\/fi\/wp-json\/wp\/v2\/media?parent=41717"}],"wp:term":[{"taxonomy":"category","embeddable":true,"href":"https:\/\/elcoline.com\/fi\/wp-json\/wp\/v2\/categories?post=41717"},{"taxonomy":"post_tag","embeddable":true,"href":"https:\/\/elcoline.com\/fi\/wp-json\/wp\/v2\/tags?post=41717"}],"curies":[{"name":"wp","href":"https:\/\/api.w.org\/{rel}","templated":true}]}}