{"id":41725,"date":"2024-05-27T19:04:41","date_gmt":"2024-05-27T16:04:41","guid":{"rendered":"https:\/\/elcoline.fi\/?p=41725"},"modified":"2024-05-27T19:04:41","modified_gmt":"2024-05-27T16:04:41","slug":"ssg-sahala-oyn-konepajan-tulipalon-vaikutukset-tuotantoon-jaavat-vahaisiksi","status":"publish","type":"post","link":"https:\/\/elcoline.com\/fi\/ssg-sahala-oyn-konepajan-tulipalon-vaikutukset-tuotantoon-jaavat-vahaisiksi\/","title":{"rendered":"SSG Sahala Oy:n konepajan tulipalon vaikutukset tuotantoon j\u00e4\u00e4v\u00e4t v\u00e4h\u00e4isiksi"},"content":{"rendered":"\n<p>Konepajan tuotanto k\u00e4ynnistyy tiistaina. Asiakkaille on jo maanantaina p\u00e4\u00e4sty toimittamaan valmiita tuotteita.<\/p>\n\n\n\n<p>SSG Sahala Oy:n konepajan toimitiloissa Varkaudessa sunnuntaina syttyneen tulipalon vaikutukset yrityksen tuotantoon j\u00e4\u00e4v\u00e4t pieniksi. Osa henkil\u00f6st\u00f6st\u00e4 on p\u00e4\u00e4ssyt ty\u00f6skentelem\u00e4\u00e4n jo maanantaina, ja tiistaista alkaen lis\u00e4\u00e4 v\u00e4ke\u00e4 kutsutaan vaiheittain t\u00f6ihin.<\/p>\n\n\n\n<p>Tuotantotilojen kokonaispinta-alasta 75 prosenttia tulee olemaan tuotantok\u00e4yt\u00f6ss\u00e4 toukokuun loppuun menness\u00e4. SSG:n Sahalan omistaja Elcoline Group Oy ja kiinteist\u00f6n omistaja Sahala Kiinteist\u00f6t Oy arvioivat yhdess\u00e4 vaurioitunutta tuotantotila-aluetta sek\u00e4 palaneita toimisto- ja sosiaalitiloja viranomaisten ja vakuutusyhti\u00f6n edustajien kanssa.<\/p>\n\n\n\n<p>\u201dKokonaisvauriot selvi\u00e4v\u00e4t, kun paloviranomaiset ovat tehneet ty\u00f6ns\u00e4. Kaikkiin tiloihin ei olla viel\u00e4 p\u00e4\u00e4sty\u201d, sanoo Elcoline Groupin palveluliiketoiminnan johtaja Vesa-Pekka Heikkinen.<\/p>\n\n\n\n<p>Konepajan tuotannon jatkuminen alkaa vaiheittain tiistaina 28. toukokuuta tuotantohalli B:n tiloissa. Samasta hallista ensimm\u00e4iset valmiit tuotteet on pystytty toimittamaan asiakkaille jo maanantaina.<\/p>\n\n\n\n<p>Tuotantohalli A:n osalta etel\u00e4p\u00e4\u00e4n tuotantoalue on jo tehty turvalliseksi. Se voidaan ottaa tuotantok\u00e4ytt\u00f6\u00f6n vaiheittain toukokuun loppuun menness\u00e4. Tuotantohallin pohjoisp\u00e4\u00e4ss\u00e4 on kosteusvahinkoja, joten ne turvallistetaan tiistain ja keskiviikon aikana.<\/p>\n\n\n\n<p>Tulipalon vaikutuksia Elcoline Group Oy:n SSG Sahala -tyt\u00e4ryhti\u00f6n valmistuksessa olleisiin tuotteisiin arvioidaan parhaillaan. Tulemme olemaan pikaisesti yhteydess\u00e4 asiakkaisiimme mahdollisista toimituksiin liittyvist\u00e4 vaikutuksista.<\/p>\n\n\n\n<p>Tulipalossa ei tullut henkil\u00f6vahinkoja. Syttymissyyt\u00e4 ei toistaiseksi tiedet\u00e4.<\/p>\n\n\n\n<div style=\"height:27px\" aria-hidden=\"true\" class=\"wp-block-spacer\"><\/div>\n\n\n\n<h4 class=\"wp-block-heading\"><strong>Yhteystiedot<\/strong><\/h4>\n\n\n\n<p>Vesa-Pekka Heikkinen, palveluliiketoiminnan johtaja, Elcoline Group Oy<\/p>\n\n\n\n<p>045 788 131 76<\/p>\n\n\n\n<p>vesa-pekka.heikkinen@elcoline.fi<\/p>\n\n\n\n<div style=\"height:20px\" aria-hidden=\"true\" class=\"wp-block-spacer\"><\/div>\n\n\n\n<p>Jyrki Sahala, toimitusjohtaja, Sahala Kiinteist\u00f6t Oy<\/p>\n\n\n\n<p>0400 556 416<\/p>\n\n\n\n<p>jyrki.sahala@sahala.fi<\/p>\n","protected":false},"excerpt":{"rendered":"<p>Konepajan tuotanto k\u00e4ynnistyy tiistaina. Asiakkaille on jo maanantaina p\u00e4\u00e4sty toimittamaan valmiita tuotteita. SSG Sahala Oy:n konepajan toimitiloissa Varkaudessa sunnuntaina syttyneen tulipalon vaikutukset yrityksen tuotantoon j\u00e4\u00e4v\u00e4t pieniksi. Osa henkil\u00f6st\u00f6st\u00e4 on p\u00e4\u00e4ssyt ty\u00f6skentelem\u00e4\u00e4n jo maanantaina, ja tiistaista alkaen lis\u00e4\u00e4 v\u00e4ke\u00e4 kutsutaan vaiheittain t\u00f6ihin. Tuotantotilojen kokonaispinta-alasta 75 prosenttia tulee olemaan tuotantok\u00e4yt\u00f6ss\u00e4 toukokuun loppuun menness\u00e4. SSG:n Sahalan omistaja Elcoline [&hellip;]<\/p>\n","protected":false},"author":3,"featured_media":0,"comment_status":"open","ping_status":"closed","sticky":false,"template":"","format":"standard","meta":{"footnotes":""},"categories":[49,50],"tags":[],"class_list":["post-41725","post","type-post","status-publish","format-standard","hentry","category-release","category-suomi"],"yoast_head":"<!-- This site is optimized with the Yoast SEO plugin v27.5 - https:\/\/yoast.com\/product\/yoast-seo-wordpress\/ -->\n<title>SSG Sahala Oy:n konepajan tulipalon vaikutukset tuotantoon j\u00e4\u00e4v\u00e4t v\u00e4h\u00e4isiksi - Elcoline Group<\/title>\n<meta name=\"robots\" content=\"index, follow, max-snippet:-1, max-image-preview:large, max-video-preview:-1\" \/>\n<link rel=\"canonical\" href=\"https:\/\/elcoline.com\/fi\/ssg-sahala-oyn-konepajan-tulipalon-vaikutukset-tuotantoon-jaavat-vahaisiksi\/\" \/>\n<meta property=\"og:locale\" content=\"fi_FI\" \/>\n<meta property=\"og:type\" content=\"article\" \/>\n<meta property=\"og:title\" content=\"SSG Sahala Oy:n konepajan tulipalon vaikutukset tuotantoon j\u00e4\u00e4v\u00e4t v\u00e4h\u00e4isiksi - Elcoline Group\" \/>\n<meta property=\"og:description\" content=\"Konepajan tuotanto k\u00e4ynnistyy tiistaina. Asiakkaille on jo maanantaina p\u00e4\u00e4sty toimittamaan valmiita tuotteita. SSG Sahala Oy:n konepajan toimitiloissa Varkaudessa sunnuntaina syttyneen tulipalon vaikutukset yrityksen tuotantoon j\u00e4\u00e4v\u00e4t pieniksi. Osa henkil\u00f6st\u00f6st\u00e4 on p\u00e4\u00e4ssyt ty\u00f6skentelem\u00e4\u00e4n jo maanantaina, ja tiistaista alkaen lis\u00e4\u00e4 v\u00e4ke\u00e4 kutsutaan vaiheittain t\u00f6ihin. Tuotantotilojen kokonaispinta-alasta 75 prosenttia tulee olemaan tuotantok\u00e4yt\u00f6ss\u00e4 toukokuun loppuun menness\u00e4. SSG:n Sahalan omistaja Elcoline [&hellip;]\" \/>\n<meta property=\"og:url\" content=\"https:\/\/elcoline.com\/fi\/ssg-sahala-oyn-konepajan-tulipalon-vaikutukset-tuotantoon-jaavat-vahaisiksi\/\" \/>\n<meta property=\"og:site_name\" content=\"Elcoline Group\" \/>\n<meta property=\"article:published_time\" content=\"2024-05-27T16:04:41+00:00\" \/>\n<meta name=\"author\" content=\"sini\" \/>\n<meta name=\"twitter:card\" content=\"summary_large_image\" \/>\n<meta name=\"twitter:label1\" content=\"Kirjoittanut\" \/>\n\t<meta name=\"twitter:data1\" content=\"sini\" \/>\n\t<meta name=\"twitter:label2\" content=\"Arvioitu lukuaika\" \/>\n\t<meta name=\"twitter:data2\" content=\"1 minuutti\" \/>\n<script type=\"application\/ld+json\" class=\"yoast-schema-graph\">{\"@context\":\"https:\\\/\\\/schema.org\",\"@graph\":[{\"@type\":\"Article\",\"@id\":\"https:\\\/\\\/elcoline.com\\\/fi\\\/ssg-sahala-oyn-konepajan-tulipalon-vaikutukset-tuotantoon-jaavat-vahaisiksi\\\/#article\",\"isPartOf\":{\"@id\":\"https:\\\/\\\/elcoline.com\\\/fi\\\/ssg-sahala-oyn-konepajan-tulipalon-vaikutukset-tuotantoon-jaavat-vahaisiksi\\\/\"},\"author\":{\"name\":\"sini\",\"@id\":\"https:\\\/\\\/elcoline.com\\\/fi\\\/#\\\/schema\\\/person\\\/87de24e6c96948362b697f808747d913\"},\"headline\":\"SSG Sahala Oy:n konepajan tulipalon vaikutukset tuotantoon j\u00e4\u00e4v\u00e4t v\u00e4h\u00e4isiksi\",\"datePublished\":\"2024-05-27T16:04:41+00:00\",\"mainEntityOfPage\":{\"@id\":\"https:\\\/\\\/elcoline.com\\\/fi\\\/ssg-sahala-oyn-konepajan-tulipalon-vaikutukset-tuotantoon-jaavat-vahaisiksi\\\/\"},\"wordCount\":246,\"commentCount\":0,\"articleSection\":[\"release\",\"suomi\"],\"inLanguage\":\"fi\",\"potentialAction\":[{\"@type\":\"CommentAction\",\"name\":\"Comment\",\"target\":[\"https:\\\/\\\/elcoline.com\\\/fi\\\/ssg-sahala-oyn-konepajan-tulipalon-vaikutukset-tuotantoon-jaavat-vahaisiksi\\\/#respond\"]}]},{\"@type\":\"WebPage\",\"@id\":\"https:\\\/\\\/elcoline.com\\\/fi\\\/ssg-sahala-oyn-konepajan-tulipalon-vaikutukset-tuotantoon-jaavat-vahaisiksi\\\/\",\"url\":\"https:\\\/\\\/elcoline.com\\\/fi\\\/ssg-sahala-oyn-konepajan-tulipalon-vaikutukset-tuotantoon-jaavat-vahaisiksi\\\/\",\"name\":\"SSG Sahala Oy:n konepajan tulipalon vaikutukset tuotantoon j\u00e4\u00e4v\u00e4t v\u00e4h\u00e4isiksi - Elcoline Group\",\"isPartOf\":{\"@id\":\"https:\\\/\\\/elcoline.com\\\/fi\\\/#website\"},\"datePublished\":\"2024-05-27T16:04:41+00:00\",\"author\":{\"@id\":\"https:\\\/\\\/elcoline.com\\\/fi\\\/#\\\/schema\\\/person\\\/87de24e6c96948362b697f808747d913\"},\"breadcrumb\":{\"@id\":\"https:\\\/\\\/elcoline.com\\\/fi\\\/ssg-sahala-oyn-konepajan-tulipalon-vaikutukset-tuotantoon-jaavat-vahaisiksi\\\/#breadcrumb\"},\"inLanguage\":\"fi\",\"potentialAction\":[{\"@type\":\"ReadAction\",\"target\":[\"https:\\\/\\\/elcoline.com\\\/fi\\\/ssg-sahala-oyn-konepajan-tulipalon-vaikutukset-tuotantoon-jaavat-vahaisiksi\\\/\"]}]},{\"@type\":\"WebSite\",\"@id\":\"https:\\\/\\\/elcoline.com\\\/fi\\\/#website\",\"url\":\"https:\\\/\\\/elcoline.com\\\/fi\\\/\",\"name\":\"Elcoline Group\",\"description\":\"\",\"potentialAction\":[{\"@type\":\"SearchAction\",\"target\":{\"@type\":\"EntryPoint\",\"urlTemplate\":\"https:\\\/\\\/elcoline.com\\\/fi\\\/?s={search_term_string}\"},\"query-input\":{\"@type\":\"PropertyValueSpecification\",\"valueRequired\":true,\"valueName\":\"search_term_string\"}}],\"inLanguage\":\"fi\"},{\"@type\":\"Person\",\"@id\":\"https:\\\/\\\/elcoline.com\\\/fi\\\/#\\\/schema\\\/person\\\/87de24e6c96948362b697f808747d913\",\"name\":\"sini\",\"url\":\"https:\\\/\\\/elcoline.com\\\/fi\\\/author\\\/sini\\\/\"}]}<\/script>\n<!-- \/ Yoast SEO plugin. -->","yoast_head_json":{"title":"SSG Sahala Oy:n konepajan tulipalon vaikutukset tuotantoon j\u00e4\u00e4v\u00e4t v\u00e4h\u00e4isiksi - Elcoline Group","robots":{"index":"index","follow":"follow","max-snippet":"max-snippet:-1","max-image-preview":"max-image-preview:large","max-video-preview":"max-video-preview:-1"},"canonical":"https:\/\/elcoline.com\/fi\/ssg-sahala-oyn-konepajan-tulipalon-vaikutukset-tuotantoon-jaavat-vahaisiksi\/","og_locale":"fi_FI","og_type":"article","og_title":"SSG Sahala Oy:n konepajan tulipalon vaikutukset tuotantoon j\u00e4\u00e4v\u00e4t v\u00e4h\u00e4isiksi - Elcoline Group","og_description":"Konepajan tuotanto k\u00e4ynnistyy tiistaina. Asiakkaille on jo maanantaina p\u00e4\u00e4sty toimittamaan valmiita tuotteita. SSG Sahala Oy:n konepajan toimitiloissa Varkaudessa sunnuntaina syttyneen tulipalon vaikutukset yrityksen tuotantoon j\u00e4\u00e4v\u00e4t pieniksi. Osa henkil\u00f6st\u00f6st\u00e4 on p\u00e4\u00e4ssyt ty\u00f6skentelem\u00e4\u00e4n jo maanantaina, ja tiistaista alkaen lis\u00e4\u00e4 v\u00e4ke\u00e4 kutsutaan vaiheittain t\u00f6ihin. Tuotantotilojen kokonaispinta-alasta 75 prosenttia tulee olemaan tuotantok\u00e4yt\u00f6ss\u00e4 toukokuun loppuun menness\u00e4. SSG:n Sahalan omistaja Elcoline [&hellip;]","og_url":"https:\/\/elcoline.com\/fi\/ssg-sahala-oyn-konepajan-tulipalon-vaikutukset-tuotantoon-jaavat-vahaisiksi\/","og_site_name":"Elcoline Group","article_published_time":"2024-05-27T16:04:41+00:00","author":"sini","twitter_card":"summary_large_image","twitter_misc":{"Kirjoittanut":"sini","Arvioitu lukuaika":"1 minuutti"},"schema":{"@context":"https:\/\/schema.org","@graph":[{"@type":"Article","@id":"https:\/\/elcoline.com\/fi\/ssg-sahala-oyn-konepajan-tulipalon-vaikutukset-tuotantoon-jaavat-vahaisiksi\/#article","isPartOf":{"@id":"https:\/\/elcoline.com\/fi\/ssg-sahala-oyn-konepajan-tulipalon-vaikutukset-tuotantoon-jaavat-vahaisiksi\/"},"author":{"name":"sini","@id":"https:\/\/elcoline.com\/fi\/#\/schema\/person\/87de24e6c96948362b697f808747d913"},"headline":"SSG Sahala Oy:n konepajan tulipalon vaikutukset tuotantoon j\u00e4\u00e4v\u00e4t v\u00e4h\u00e4isiksi","datePublished":"2024-05-27T16:04:41+00:00","mainEntityOfPage":{"@id":"https:\/\/elcoline.com\/fi\/ssg-sahala-oyn-konepajan-tulipalon-vaikutukset-tuotantoon-jaavat-vahaisiksi\/"},"wordCount":246,"commentCount":0,"articleSection":["release","suomi"],"inLanguage":"fi","potentialAction":[{"@type":"CommentAction","name":"Comment","target":["https:\/\/elcoline.com\/fi\/ssg-sahala-oyn-konepajan-tulipalon-vaikutukset-tuotantoon-jaavat-vahaisiksi\/#respond"]}]},{"@type":"WebPage","@id":"https:\/\/elcoline.com\/fi\/ssg-sahala-oyn-konepajan-tulipalon-vaikutukset-tuotantoon-jaavat-vahaisiksi\/","url":"https:\/\/elcoline.com\/fi\/ssg-sahala-oyn-konepajan-tulipalon-vaikutukset-tuotantoon-jaavat-vahaisiksi\/","name":"SSG Sahala Oy:n konepajan tulipalon vaikutukset tuotantoon j\u00e4\u00e4v\u00e4t v\u00e4h\u00e4isiksi - Elcoline Group","isPartOf":{"@id":"https:\/\/elcoline.com\/fi\/#website"},"datePublished":"2024-05-27T16:04:41+00:00","author":{"@id":"https:\/\/elcoline.com\/fi\/#\/schema\/person\/87de24e6c96948362b697f808747d913"},"breadcrumb":{"@id":"https:\/\/elcoline.com\/fi\/ssg-sahala-oyn-konepajan-tulipalon-vaikutukset-tuotantoon-jaavat-vahaisiksi\/#breadcrumb"},"inLanguage":"fi","potentialAction":[{"@type":"ReadAction","target":["https:\/\/elcoline.com\/fi\/ssg-sahala-oyn-konepajan-tulipalon-vaikutukset-tuotantoon-jaavat-vahaisiksi\/"]}]},{"@type":"WebSite","@id":"https:\/\/elcoline.com\/fi\/#website","url":"https:\/\/elcoline.com\/fi\/","name":"Elcoline Group","description":"","potentialAction":[{"@type":"SearchAction","target":{"@type":"EntryPoint","urlTemplate":"https:\/\/elcoline.com\/fi\/?s={search_term_string}"},"query-input":{"@type":"PropertyValueSpecification","valueRequired":true,"valueName":"search_term_string"}}],"inLanguage":"fi"},{"@type":"Person","@id":"https:\/\/elcoline.com\/fi\/#\/schema\/person\/87de24e6c96948362b697f808747d913","name":"sini","url":"https:\/\/elcoline.com\/fi\/author\/sini\/"}]}},"pbg_featured_image_src":{"full":false,"thumbnail":false,"medium":false,"medium_large":false,"large":false,"1536x1536":false,"2048x2048":false},"pbg_author_info":{"display_name":"sini","author_link":"https:\/\/elcoline.com\/fi\/author\/sini\/","author_img":false},"pbg_comment_info":" No Comments","pbg_excerpt":"Konepajan tuotanto k\u00e4ynnistyy tiistaina. Asiakkaille on jo maanantaina p\u00e4\u00e4sty toimittamaan valmiita tuotteita. SSG Sahala Oy:n konepajan toimitiloissa Varkaudessa sunnuntaina syttyneen tulipalon vaikutukset yrityksen tuotantoon j\u00e4\u00e4v\u00e4t pieniksi. Osa henkil\u00f6st\u00f6st\u00e4 on p\u00e4\u00e4ssyt ty\u00f6skentelem\u00e4\u00e4n jo maanantaina, ja tiistaista alkaen lis\u00e4\u00e4 v\u00e4ke\u00e4 kutsutaan vaiheittain t\u00f6ihin. Tuotantotilojen kokonaispinta-alasta 75 prosenttia tulee olemaan tuotantok\u00e4yt\u00f6ss\u00e4 toukokuun loppuun menness\u00e4. SSG:n Sahalan omistaja Elcoline&hellip;","_links":{"self":[{"href":"https:\/\/elcoline.com\/fi\/wp-json\/wp\/v2\/posts\/41725","targetHints":{"allow":["GET"]}}],"collection":[{"href":"https:\/\/elcoline.com\/fi\/wp-json\/wp\/v2\/posts"}],"about":[{"href":"https:\/\/elcoline.com\/fi\/wp-json\/wp\/v2\/types\/post"}],"author":[{"embeddable":true,"href":"https:\/\/elcoline.com\/fi\/wp-json\/wp\/v2\/users\/3"}],"replies":[{"embeddable":true,"href":"https:\/\/elcoline.com\/fi\/wp-json\/wp\/v2\/comments?post=41725"}],"version-history":[{"count":0,"href":"https:\/\/elcoline.com\/fi\/wp-json\/wp\/v2\/posts\/41725\/revisions"}],"wp:attachment":[{"href":"https:\/\/elcoline.com\/fi\/wp-json\/wp\/v2\/media?parent=41725"}],"wp:term":[{"taxonomy":"category","embeddable":true,"href":"https:\/\/elcoline.com\/fi\/wp-json\/wp\/v2\/categories?post=41725"},{"taxonomy":"post_tag","embeddable":true,"href":"https:\/\/elcoline.com\/fi\/wp-json\/wp\/v2\/tags?post=41725"}],"curies":[{"name":"wp","href":"https:\/\/api.w.org\/{rel}","templated":true}]}}