{"id":43102,"date":"2024-08-19T09:00:00","date_gmt":"2024-08-19T06:00:00","guid":{"rendered":"https:\/\/elcoline.fi\/?p=43102"},"modified":"2024-08-19T09:00:00","modified_gmt":"2024-08-19T06:00:00","slug":"petra-thoren-vauhdittamaan-elcolinen-yrityskauppavetoisen-strategian-toteuttamista","status":"publish","type":"post","link":"https:\/\/elcoline.com\/fi\/petra-thoren-vauhdittamaan-elcolinen-yrityskauppavetoisen-strategian-toteuttamista\/","title":{"rendered":"Petra Thor\u00e9n vauhdittamaan Elcolinen yrityskauppavetoisen strategian toteuttamista"},"content":{"rendered":"\n<p>Elcolinen uusi M&amp;A- ja strategiasta vastaava johtaja Petra Thor\u00e9n on aloittanut teht\u00e4v\u00e4ss\u00e4\u00e4n 1.8.2024. Thor\u00e9n vastaa Elcoline-konsernin yrityskauppaj\u00e4rjestelyist\u00e4 Suomessa ja Ruotsissa sek\u00e4 yhti\u00f6n strategian toteuttamisesta ja kehitt\u00e4misest\u00e4. H\u00e4nen teht\u00e4viins\u00e4 kuuluu my\u00f6s muita kehitt\u00e4mistoimia.<\/p>\n\n\n\n<p>Aiemmin Thor\u00e9n on toiminut muun muassa YIT:ll\u00e4 johtoryhm\u00e4n j\u00e4senen\u00e4, h\u00e4nell\u00e4 on vahva 12 vuoden kokemus toimialalta ja asiakassektorilta, mukaan lukien operatiivinen sek\u00e4 hallitusty\u00f6. Thor\u00e9n toimii t\u00e4ll\u00e4 hetkell\u00e4 merkitt\u00e4v\u00e4ss\u00e4 roolissa infrastruktuurirakentamiseen keskittyv\u00e4n Kreaten hallituksessa ja tarkastusvaliokunnassa. Aiemmin h\u00e4n on toiminut my\u00f6s kaivosteollisuuden parissa toimivan Keliberin hallituksessa ja tarkastus- sek\u00e4 rahoitusvaliokunnassa.<\/p>\n\n\n\n<p>Thor\u00e9n on johtanut useita yritysj\u00e4rjestelyj\u00e4 ja h\u00e4nell\u00e4 on vankka kokemus yrityskauppojen suunnittelusta, ostoista sek\u00e4 integraatiosta. H\u00e4nell\u00e4 on my\u00f6s laaja osaaminen hallinto- ja ohjausj\u00e4rjestelmist\u00e4 sek\u00e4 p\u00f6rssilistautumisvalmisteluista. Johtajana h\u00e4net tunnetaan energisest\u00e4 johtamistyylist\u00e4\u00e4n ja kyvyst\u00e4\u00e4n rakentaa luottamusta ja edist\u00e4\u00e4 tiimien suorituskyky\u00e4.<\/p>\n\n\n\n<p>&#8221;On todella innostavaa liitty\u00e4 Elcolinen joukkoon. Yhti\u00f6ll\u00e4 on upea track record ja se on kasvanut vahvasti yritt\u00e4j\u00e4m\u00e4isell\u00e4 kulttuurilla. Lis\u00e4ksi Elcolinella on kunnianhimoiset strategiset tavoitteet, ja minusta on mukavaa olla kasvumatkalla mukana osana Elcolinen joukkuetta,&#8221; sanoo Elcoline Groupin M&amp;A- ja strategiasta vastaava johtaja Petra Thor\u00e9n.<\/p>\n\n\n\n<p>Elcolinen vastik\u00e4\u00e4n k\u00e4ynnistyneen uuden strategiakauden kasvutavoitteet ovat korkealla, kun yhti\u00f6 t\u00e4ht\u00e4\u00e4 kohti 250 miljoonan euron liikevaihtoa. T\u00e4ll\u00e4 hetkell\u00e4 Elcoline ty\u00f6llist\u00e4\u00e4 jo liki 800 teollisuuden alan ammattilaista ja on kasvanut alalla merkitt\u00e4v\u00e4ksi teollisuuden palveluyritykseksi tarjoten asiakkailleen kattavan palveluvalikoiman teollisuuden asennusprojekti- ja kunnossapitopalveluita Suomessa ja Ruotsissa, niin paikallisesti kuin maanlaajuisesti. Lis\u00e4ksi yhti\u00f6 toimittaa kansainv\u00e4lisille asiakkailleen palvelusopimustensa kautta huoltot\u00f6it\u00e4 ymp\u00e4ri maapalloa. Yhti\u00f6n liikevaihto on t\u00e4ll\u00e4 hetkell\u00e4 noin 100 miljoonaa euroa.<\/p>\n\n\n\n<p>\u201dT\u00e4m\u00e4n vahvistuksen my\u00f6t\u00e4 pystymme parantamaan Elcolinen kyvykkyyksi\u00e4 yritysj\u00e4rjestelyiss\u00e4, sek\u00e4 v\u00e4hent\u00e4m\u00e4\u00e4n niist\u00e4 johtuvia ulkoisia kustannuksia ja n\u00e4in toimimaan strategisten tavoitteidemme mukaisesti &#8211; jatkamaan kannattavaa kasvuamme niin yritysj\u00e4rjestelyiden kuin orgaanisen kehityksen kautta. Petran johdolla tulemme kehitt\u00e4m\u00e4\u00e4n entisest\u00e4\u00e4n yrityskauppaprosessia, kuten yrityskaupan j\u00e4lkeisen integraation sujuvuutta ja tehokkuutta, kertoo Elcoline Groupin hallituksen puheenjohtaja Jere R\u00e4is\u00e4nen.<\/p>\n\n\n\n<p>M\u00e4\u00e4r\u00e4tietoisen kasvustrategian my\u00f6t\u00e4 Elcoline vahvistaa asemaansa pohjoismaisena toimijana, joka tarjoaa henkil\u00f6st\u00f6lleen mielenkiintoisia uramahdollisuuksia sek\u00e4 palvelee asiakkaitaan teollisuuden teknisiss\u00e4 palveluissa kokonaisvaltaisesti, turvallisesti ja laadukkaasti.<\/p>\n\n\n\n<div style=\"height:36px\" aria-hidden=\"true\" class=\"wp-block-spacer\"><\/div>\n\n\n\n<p>Lis\u00e4tietoja:<\/p>\n\n\n\n<p>Jere R\u00e4is\u00e4nen<\/p>\n\n\n\n<p>Hallituksen puheenjohtaja<\/p>\n\n\n\n<p>Elcoline Group Oy<\/p>\n\n\n\n<p>+358 44 559 9144<\/p>\n\n\n\n<p>jere.raisanen@elcoline.fi<\/p>\n\n\n\n<div style=\"height:39px\" aria-hidden=\"true\" class=\"wp-block-spacer\"><\/div>\n\n\n\n<p>Yrityskauppoihin liittyv\u00e4t yhteydenotot:<\/p>\n\n\n\n<p>Petra Thor\u00e9n<\/p>\n\n\n\n<p>Johtaja, M&amp;A ja Strategia<\/p>\n\n\n\n<p>+358 40 764 5462<\/p>\n\n\n\n<p>petra.thoren@elcoline.fi<\/p>\n\n\n\n<div style=\"height:40px\" aria-hidden=\"true\" class=\"wp-block-spacer\"><\/div>\n\n\n\n<h4 class=\"wp-block-heading\"><strong><em>Elcoline lyhyesti<\/em><\/strong><\/h4>\n\n\n\n<p><em>Elcoline on Pohjoismainen teollisuuden teknisiin palveluihin erikoistunut kasvuyhti\u00f6, jonka asiakkaita ovat kansainv\u00e4liset teollisuusyritykset. Elcoline toteuttaa vaativia asennusprojekteja sek\u00e4 kunnossapitoa niin uusiin kuin olemassa oleviin kohteisiin eri teollisuudenaloille. Laadukkaita ja turvallisia palveluita tuottamalla varmistamme asiakkaidemme tuotantovarmuuden ja kilpailukyvyn.<\/em><\/p>\n\n\n\n<p><em>Elcolinen palveluita ovat kokonais- ja osakunnossapidon ulkoistukset, huollon palvelusopimukset sek\u00e4 vaativat asennusprojektit. Laaja palveluvalikoima kattaa niin mekaaniset asennukset, s\u00e4hk\u00f6-, automaatio- ja instrumentointity\u00f6t, putkistojen asennukset ja hitsaukset sek\u00e4 kunnonvalvonnan ja tiedonkeruun. Toteutamme my\u00f6s l\u00e4mm\u00f6nvaihtimien, h\u00f6yryakkujen ja painelaitteiden valmistukset ja huollot. Elcolinen asiakkaat toimivat metalli- ja kaivos-, meri-, energia-, puolustus- ja prosessiteollisuuden sek\u00e4 teollisen modulaarisen rakentamisen parissa.<\/em><em>&nbsp;<\/em><em><\/em><\/p>\n\n\n\n<p><em>Elcoline on perustettu vuonna 2002 ja se ty\u00f6llist\u00e4\u00e4 yhteens\u00e4 noin 800 ammattilaista Suomessa ja Ruotsissa sek\u00e4 huoltosopimuskohteissa ymp\u00e4ri maapalloa. Yhti\u00f6n liikevaihto nousee vuoden 2024 aikana 100 miljoonan euron luokkaan. Elcolinen omistajina ovat yhti\u00f6n perustajien, johdon sek\u00e4 henkil\u00f6st\u00f6n lis\u00e4ksi sijoittajatahot Evli, Keskin\u00e4inen Ty\u00f6el\u00e4kevakuutusyhti\u00f6 Elo, Suomen Teollisuussijoitus Tesi sek\u00e4 Arvo Sijoitusosuuskunta. Tavoitteenamme on kasvaa kannattavasti ja olla toimialamme arvostetuin kumppani asiakkaillemme sek\u00e4 halutuin ty\u00f6nantaja ty\u00f6ntekij\u00f6illemme. Lis\u00e4tietoja osoitteesta www.elcoline.fi sek\u00e4 www.elcoline.se<\/em>.<\/p>\n","protected":false},"excerpt":{"rendered":"<p>Elcolinen uusi M&amp;A- ja strategiasta vastaava johtaja Petra Thor\u00e9n on aloittanut teht\u00e4v\u00e4ss\u00e4\u00e4n 1.8.2024. Thor\u00e9n vastaa Elcoline-konsernin yrityskauppaj\u00e4rjestelyist\u00e4 Suomessa ja Ruotsissa sek\u00e4 yhti\u00f6n strategian toteuttamisesta ja kehitt\u00e4misest\u00e4. H\u00e4nen teht\u00e4viins\u00e4 kuuluu my\u00f6s muita kehitt\u00e4mistoimia. Aiemmin Thor\u00e9n on toiminut muun muassa YIT:ll\u00e4 johtoryhm\u00e4n j\u00e4senen\u00e4, h\u00e4nell\u00e4 on vahva 12 vuoden kokemus toimialalta ja asiakassektorilta, mukaan lukien operatiivinen sek\u00e4 hallitusty\u00f6. [&hellip;]<\/p>\n","protected":false},"author":3,"featured_media":43103,"comment_status":"open","ping_status":"closed","sticky":false,"template":"","format":"standard","meta":{"footnotes":""},"categories":[49,50,124],"tags":[34,81,125],"class_list":["post-43102","post","type-post","status-publish","format-standard","has-post-thumbnail","hentry","category-release","category-suomi","category-uutinen","tag-elcoline","tag-kunnossapito","tag-yrityskauppa"],"yoast_head":"<!-- This site is optimized with the Yoast SEO plugin v27.5 - https:\/\/yoast.com\/product\/yoast-seo-wordpress\/ -->\n<title>Petra Thor\u00e9n vauhdittamaan Elcolinen yrityskauppavetoisen strategian toteuttamista - Elcoline Group<\/title>\n<meta name=\"robots\" content=\"index, follow, max-snippet:-1, max-image-preview:large, max-video-preview:-1\" \/>\n<link rel=\"canonical\" href=\"https:\/\/elcoline.com\/fi\/petra-thoren-vauhdittamaan-elcolinen-yrityskauppavetoisen-strategian-toteuttamista\/\" \/>\n<meta property=\"og:locale\" content=\"fi_FI\" \/>\n<meta property=\"og:type\" content=\"article\" \/>\n<meta property=\"og:title\" content=\"Petra Thor\u00e9n vauhdittamaan Elcolinen yrityskauppavetoisen strategian toteuttamista - Elcoline Group\" \/>\n<meta property=\"og:description\" content=\"Elcolinen uusi M&amp;A- ja strategiasta vastaava johtaja Petra Thor\u00e9n on aloittanut teht\u00e4v\u00e4ss\u00e4\u00e4n 1.8.2024. Thor\u00e9n vastaa Elcoline-konsernin yrityskauppaj\u00e4rjestelyist\u00e4 Suomessa ja Ruotsissa sek\u00e4 yhti\u00f6n strategian toteuttamisesta ja kehitt\u00e4misest\u00e4. H\u00e4nen teht\u00e4viins\u00e4 kuuluu my\u00f6s muita kehitt\u00e4mistoimia. Aiemmin Thor\u00e9n on toiminut muun muassa YIT:ll\u00e4 johtoryhm\u00e4n j\u00e4senen\u00e4, h\u00e4nell\u00e4 on vahva 12 vuoden kokemus toimialalta ja asiakassektorilta, mukaan lukien operatiivinen sek\u00e4 hallitusty\u00f6. [&hellip;]\" \/>\n<meta property=\"og:url\" content=\"https:\/\/elcoline.com\/fi\/petra-thoren-vauhdittamaan-elcolinen-yrityskauppavetoisen-strategian-toteuttamista\/\" \/>\n<meta property=\"og:site_name\" content=\"Elcoline Group\" \/>\n<meta property=\"article:published_time\" content=\"2024-08-19T06:00:00+00:00\" \/>\n<meta name=\"author\" content=\"sini\" \/>\n<meta name=\"twitter:card\" content=\"summary_large_image\" \/>\n<meta name=\"twitter:label1\" content=\"Kirjoittanut\" \/>\n\t<meta name=\"twitter:data1\" content=\"sini\" \/>\n\t<meta name=\"twitter:label2\" content=\"Arvioitu lukuaika\" \/>\n\t<meta name=\"twitter:data2\" content=\"3 minuuttia\" \/>\n<script type=\"application\/ld+json\" class=\"yoast-schema-graph\">{\"@context\":\"https:\\\/\\\/schema.org\",\"@graph\":[{\"@type\":\"Article\",\"@id\":\"https:\\\/\\\/elcoline.com\\\/fi\\\/petra-thoren-vauhdittamaan-elcolinen-yrityskauppavetoisen-strategian-toteuttamista\\\/#article\",\"isPartOf\":{\"@id\":\"https:\\\/\\\/elcoline.com\\\/fi\\\/petra-thoren-vauhdittamaan-elcolinen-yrityskauppavetoisen-strategian-toteuttamista\\\/\"},\"author\":{\"name\":\"sini\",\"@id\":\"https:\\\/\\\/elcoline.com\\\/fi\\\/#\\\/schema\\\/person\\\/87de24e6c96948362b697f808747d913\"},\"headline\":\"Petra Thor\u00e9n vauhdittamaan Elcolinen yrityskauppavetoisen strategian toteuttamista\",\"datePublished\":\"2024-08-19T06:00:00+00:00\",\"mainEntityOfPage\":{\"@id\":\"https:\\\/\\\/elcoline.com\\\/fi\\\/petra-thoren-vauhdittamaan-elcolinen-yrityskauppavetoisen-strategian-toteuttamista\\\/\"},\"wordCount\":600,\"commentCount\":0,\"image\":{\"@id\":\"https:\\\/\\\/elcoline.com\\\/fi\\\/petra-thoren-vauhdittamaan-elcolinen-yrityskauppavetoisen-strategian-toteuttamista\\\/#primaryimage\"},\"thumbnailUrl\":\"https:\\\/\\\/elcoline.com\\\/wp-content\\\/uploads\\\/2024\\\/08\\\/PetraThoren_web_DSC0418.jpg\",\"keywords\":[\"Elcoline\",\"kunnossapito\",\"yrityskauppa\"],\"articleSection\":[\"release\",\"suomi\",\"UUTINEN\"],\"inLanguage\":\"fi\",\"potentialAction\":[{\"@type\":\"CommentAction\",\"name\":\"Comment\",\"target\":[\"https:\\\/\\\/elcoline.com\\\/fi\\\/petra-thoren-vauhdittamaan-elcolinen-yrityskauppavetoisen-strategian-toteuttamista\\\/#respond\"]}]},{\"@type\":\"WebPage\",\"@id\":\"https:\\\/\\\/elcoline.com\\\/fi\\\/petra-thoren-vauhdittamaan-elcolinen-yrityskauppavetoisen-strategian-toteuttamista\\\/\",\"url\":\"https:\\\/\\\/elcoline.com\\\/fi\\\/petra-thoren-vauhdittamaan-elcolinen-yrityskauppavetoisen-strategian-toteuttamista\\\/\",\"name\":\"Petra Thor\u00e9n vauhdittamaan Elcolinen yrityskauppavetoisen strategian toteuttamista - Elcoline Group\",\"isPartOf\":{\"@id\":\"https:\\\/\\\/elcoline.com\\\/fi\\\/#website\"},\"primaryImageOfPage\":{\"@id\":\"https:\\\/\\\/elcoline.com\\\/fi\\\/petra-thoren-vauhdittamaan-elcolinen-yrityskauppavetoisen-strategian-toteuttamista\\\/#primaryimage\"},\"image\":{\"@id\":\"https:\\\/\\\/elcoline.com\\\/fi\\\/petra-thoren-vauhdittamaan-elcolinen-yrityskauppavetoisen-strategian-toteuttamista\\\/#primaryimage\"},\"thumbnailUrl\":\"https:\\\/\\\/elcoline.com\\\/wp-content\\\/uploads\\\/2024\\\/08\\\/PetraThoren_web_DSC0418.jpg\",\"datePublished\":\"2024-08-19T06:00:00+00:00\",\"author\":{\"@id\":\"https:\\\/\\\/elcoline.com\\\/fi\\\/#\\\/schema\\\/person\\\/87de24e6c96948362b697f808747d913\"},\"breadcrumb\":{\"@id\":\"https:\\\/\\\/elcoline.com\\\/fi\\\/petra-thoren-vauhdittamaan-elcolinen-yrityskauppavetoisen-strategian-toteuttamista\\\/#breadcrumb\"},\"inLanguage\":\"fi\",\"potentialAction\":[{\"@type\":\"ReadAction\",\"target\":[\"https:\\\/\\\/elcoline.com\\\/fi\\\/petra-thoren-vauhdittamaan-elcolinen-yrityskauppavetoisen-strategian-toteuttamista\\\/\"]}]},{\"@type\":\"ImageObject\",\"inLanguage\":\"fi\",\"@id\":\"https:\\\/\\\/elcoline.com\\\/fi\\\/petra-thoren-vauhdittamaan-elcolinen-yrityskauppavetoisen-strategian-toteuttamista\\\/#primaryimage\",\"url\":\"https:\\\/\\\/elcoline.com\\\/wp-content\\\/uploads\\\/2024\\\/08\\\/PetraThoren_web_DSC0418.jpg\",\"contentUrl\":\"https:\\\/\\\/elcoline.com\\\/wp-content\\\/uploads\\\/2024\\\/08\\\/PetraThoren_web_DSC0418.jpg\",\"width\":2000,\"height\":1450,\"caption\":\"Petra Thor\u00e9n on aloittanut Elcoline Groupin M&A ja strategiasta vastaavana johtajana. Kuva: Elcoline\"},{\"@type\":\"WebSite\",\"@id\":\"https:\\\/\\\/elcoline.com\\\/fi\\\/#website\",\"url\":\"https:\\\/\\\/elcoline.com\\\/fi\\\/\",\"name\":\"Elcoline Group\",\"description\":\"\",\"potentialAction\":[{\"@type\":\"SearchAction\",\"target\":{\"@type\":\"EntryPoint\",\"urlTemplate\":\"https:\\\/\\\/elcoline.com\\\/fi\\\/?s={search_term_string}\"},\"query-input\":{\"@type\":\"PropertyValueSpecification\",\"valueRequired\":true,\"valueName\":\"search_term_string\"}}],\"inLanguage\":\"fi\"},{\"@type\":\"Person\",\"@id\":\"https:\\\/\\\/elcoline.com\\\/fi\\\/#\\\/schema\\\/person\\\/87de24e6c96948362b697f808747d913\",\"name\":\"sini\",\"url\":\"https:\\\/\\\/elcoline.com\\\/fi\\\/author\\\/sini\\\/\"}]}<\/script>\n<!-- \/ Yoast SEO plugin. -->","yoast_head_json":{"title":"Petra Thor\u00e9n vauhdittamaan Elcolinen yrityskauppavetoisen strategian toteuttamista - Elcoline Group","robots":{"index":"index","follow":"follow","max-snippet":"max-snippet:-1","max-image-preview":"max-image-preview:large","max-video-preview":"max-video-preview:-1"},"canonical":"https:\/\/elcoline.com\/fi\/petra-thoren-vauhdittamaan-elcolinen-yrityskauppavetoisen-strategian-toteuttamista\/","og_locale":"fi_FI","og_type":"article","og_title":"Petra Thor\u00e9n vauhdittamaan Elcolinen yrityskauppavetoisen strategian toteuttamista - Elcoline Group","og_description":"Elcolinen uusi M&amp;A- ja strategiasta vastaava johtaja Petra Thor\u00e9n on aloittanut teht\u00e4v\u00e4ss\u00e4\u00e4n 1.8.2024. Thor\u00e9n vastaa Elcoline-konsernin yrityskauppaj\u00e4rjestelyist\u00e4 Suomessa ja Ruotsissa sek\u00e4 yhti\u00f6n strategian toteuttamisesta ja kehitt\u00e4misest\u00e4. H\u00e4nen teht\u00e4viins\u00e4 kuuluu my\u00f6s muita kehitt\u00e4mistoimia. Aiemmin Thor\u00e9n on toiminut muun muassa YIT:ll\u00e4 johtoryhm\u00e4n j\u00e4senen\u00e4, h\u00e4nell\u00e4 on vahva 12 vuoden kokemus toimialalta ja asiakassektorilta, mukaan lukien operatiivinen sek\u00e4 hallitusty\u00f6. [&hellip;]","og_url":"https:\/\/elcoline.com\/fi\/petra-thoren-vauhdittamaan-elcolinen-yrityskauppavetoisen-strategian-toteuttamista\/","og_site_name":"Elcoline Group","article_published_time":"2024-08-19T06:00:00+00:00","author":"sini","twitter_card":"summary_large_image","twitter_misc":{"Kirjoittanut":"sini","Arvioitu lukuaika":"3 minuuttia"},"schema":{"@context":"https:\/\/schema.org","@graph":[{"@type":"Article","@id":"https:\/\/elcoline.com\/fi\/petra-thoren-vauhdittamaan-elcolinen-yrityskauppavetoisen-strategian-toteuttamista\/#article","isPartOf":{"@id":"https:\/\/elcoline.com\/fi\/petra-thoren-vauhdittamaan-elcolinen-yrityskauppavetoisen-strategian-toteuttamista\/"},"author":{"name":"sini","@id":"https:\/\/elcoline.com\/fi\/#\/schema\/person\/87de24e6c96948362b697f808747d913"},"headline":"Petra Thor\u00e9n vauhdittamaan Elcolinen yrityskauppavetoisen strategian toteuttamista","datePublished":"2024-08-19T06:00:00+00:00","mainEntityOfPage":{"@id":"https:\/\/elcoline.com\/fi\/petra-thoren-vauhdittamaan-elcolinen-yrityskauppavetoisen-strategian-toteuttamista\/"},"wordCount":600,"commentCount":0,"image":{"@id":"https:\/\/elcoline.com\/fi\/petra-thoren-vauhdittamaan-elcolinen-yrityskauppavetoisen-strategian-toteuttamista\/#primaryimage"},"thumbnailUrl":"https:\/\/elcoline.com\/wp-content\/uploads\/2024\/08\/PetraThoren_web_DSC0418.jpg","keywords":["Elcoline","kunnossapito","yrityskauppa"],"articleSection":["release","suomi","UUTINEN"],"inLanguage":"fi","potentialAction":[{"@type":"CommentAction","name":"Comment","target":["https:\/\/elcoline.com\/fi\/petra-thoren-vauhdittamaan-elcolinen-yrityskauppavetoisen-strategian-toteuttamista\/#respond"]}]},{"@type":"WebPage","@id":"https:\/\/elcoline.com\/fi\/petra-thoren-vauhdittamaan-elcolinen-yrityskauppavetoisen-strategian-toteuttamista\/","url":"https:\/\/elcoline.com\/fi\/petra-thoren-vauhdittamaan-elcolinen-yrityskauppavetoisen-strategian-toteuttamista\/","name":"Petra Thor\u00e9n vauhdittamaan Elcolinen yrityskauppavetoisen strategian toteuttamista - Elcoline Group","isPartOf":{"@id":"https:\/\/elcoline.com\/fi\/#website"},"primaryImageOfPage":{"@id":"https:\/\/elcoline.com\/fi\/petra-thoren-vauhdittamaan-elcolinen-yrityskauppavetoisen-strategian-toteuttamista\/#primaryimage"},"image":{"@id":"https:\/\/elcoline.com\/fi\/petra-thoren-vauhdittamaan-elcolinen-yrityskauppavetoisen-strategian-toteuttamista\/#primaryimage"},"thumbnailUrl":"https:\/\/elcoline.com\/wp-content\/uploads\/2024\/08\/PetraThoren_web_DSC0418.jpg","datePublished":"2024-08-19T06:00:00+00:00","author":{"@id":"https:\/\/elcoline.com\/fi\/#\/schema\/person\/87de24e6c96948362b697f808747d913"},"breadcrumb":{"@id":"https:\/\/elcoline.com\/fi\/petra-thoren-vauhdittamaan-elcolinen-yrityskauppavetoisen-strategian-toteuttamista\/#breadcrumb"},"inLanguage":"fi","potentialAction":[{"@type":"ReadAction","target":["https:\/\/elcoline.com\/fi\/petra-thoren-vauhdittamaan-elcolinen-yrityskauppavetoisen-strategian-toteuttamista\/"]}]},{"@type":"ImageObject","inLanguage":"fi","@id":"https:\/\/elcoline.com\/fi\/petra-thoren-vauhdittamaan-elcolinen-yrityskauppavetoisen-strategian-toteuttamista\/#primaryimage","url":"https:\/\/elcoline.com\/wp-content\/uploads\/2024\/08\/PetraThoren_web_DSC0418.jpg","contentUrl":"https:\/\/elcoline.com\/wp-content\/uploads\/2024\/08\/PetraThoren_web_DSC0418.jpg","width":2000,"height":1450,"caption":"Petra Thor\u00e9n on aloittanut Elcoline Groupin M&A ja strategiasta vastaavana johtajana. Kuva: Elcoline"},{"@type":"WebSite","@id":"https:\/\/elcoline.com\/fi\/#website","url":"https:\/\/elcoline.com\/fi\/","name":"Elcoline Group","description":"","potentialAction":[{"@type":"SearchAction","target":{"@type":"EntryPoint","urlTemplate":"https:\/\/elcoline.com\/fi\/?s={search_term_string}"},"query-input":{"@type":"PropertyValueSpecification","valueRequired":true,"valueName":"search_term_string"}}],"inLanguage":"fi"},{"@type":"Person","@id":"https:\/\/elcoline.com\/fi\/#\/schema\/person\/87de24e6c96948362b697f808747d913","name":"sini","url":"https:\/\/elcoline.com\/fi\/author\/sini\/"}]}},"pbg_featured_image_src":{"full":["https:\/\/elcoline.com\/wp-content\/uploads\/2024\/08\/PetraThoren_web_DSC0418.jpg",2000,1450,false],"thumbnail":["https:\/\/elcoline.com\/wp-content\/uploads\/2024\/08\/PetraThoren_web_DSC0418-150x150.jpg",150,150,true],"medium":["https:\/\/elcoline.com\/wp-content\/uploads\/2024\/08\/PetraThoren_web_DSC0418-300x218.jpg",300,218,true],"medium_large":["https:\/\/elcoline.com\/wp-content\/uploads\/2024\/08\/PetraThoren_web_DSC0418-768x557.jpg",768,557,true],"large":["https:\/\/elcoline.com\/wp-content\/uploads\/2024\/08\/PetraThoren_web_DSC0418-1024x742.jpg",1024,742,true],"1536x1536":["https:\/\/elcoline.com\/wp-content\/uploads\/2024\/08\/PetraThoren_web_DSC0418-1536x1114.jpg",1536,1114,true],"2048x2048":["https:\/\/elcoline.com\/wp-content\/uploads\/2024\/08\/PetraThoren_web_DSC0418.jpg",2000,1450,false]},"pbg_author_info":{"display_name":"sini","author_link":"https:\/\/elcoline.com\/fi\/author\/sini\/","author_img":false},"pbg_comment_info":" No Comments","pbg_excerpt":"Elcolinen uusi M&amp;A- ja strategiasta vastaava johtaja Petra Thor\u00e9n on aloittanut teht\u00e4v\u00e4ss\u00e4\u00e4n 1.8.2024. Thor\u00e9n vastaa Elcoline-konsernin yrityskauppaj\u00e4rjestelyist\u00e4 Suomessa ja Ruotsissa sek\u00e4 yhti\u00f6n strategian toteuttamisesta ja kehitt\u00e4misest\u00e4. H\u00e4nen teht\u00e4viins\u00e4 kuuluu my\u00f6s muita kehitt\u00e4mistoimia. Aiemmin Thor\u00e9n on toiminut muun muassa YIT:ll\u00e4 johtoryhm\u00e4n j\u00e4senen\u00e4, h\u00e4nell\u00e4 on vahva 12 vuoden kokemus toimialalta ja asiakassektorilta, mukaan lukien operatiivinen sek\u00e4 hallitusty\u00f6.&hellip;","_links":{"self":[{"href":"https:\/\/elcoline.com\/fi\/wp-json\/wp\/v2\/posts\/43102","targetHints":{"allow":["GET"]}}],"collection":[{"href":"https:\/\/elcoline.com\/fi\/wp-json\/wp\/v2\/posts"}],"about":[{"href":"https:\/\/elcoline.com\/fi\/wp-json\/wp\/v2\/types\/post"}],"author":[{"embeddable":true,"href":"https:\/\/elcoline.com\/fi\/wp-json\/wp\/v2\/users\/3"}],"replies":[{"embeddable":true,"href":"https:\/\/elcoline.com\/fi\/wp-json\/wp\/v2\/comments?post=43102"}],"version-history":[{"count":0,"href":"https:\/\/elcoline.com\/fi\/wp-json\/wp\/v2\/posts\/43102\/revisions"}],"wp:featuredmedia":[{"embeddable":true,"href":"https:\/\/elcoline.com\/fi\/wp-json\/wp\/v2\/media\/43103"}],"wp:attachment":[{"href":"https:\/\/elcoline.com\/fi\/wp-json\/wp\/v2\/media?parent=43102"}],"wp:term":[{"taxonomy":"category","embeddable":true,"href":"https:\/\/elcoline.com\/fi\/wp-json\/wp\/v2\/categories?post=43102"},{"taxonomy":"post_tag","embeddable":true,"href":"https:\/\/elcoline.com\/fi\/wp-json\/wp\/v2\/tags?post=43102"}],"curies":[{"name":"wp","href":"https:\/\/api.w.org\/{rel}","templated":true}]}}