{"id":43324,"date":"2024-09-02T16:58:00","date_gmt":"2024-09-02T13:58:00","guid":{"rendered":"https:\/\/elcoline.fi\/?p=43324"},"modified":"2024-09-02T16:58:00","modified_gmt":"2024-09-02T13:58:00","slug":"elcolinen-uusi-toimitusjohtaja-elina-engman-on-aloittanut-tehtavassaan","status":"publish","type":"post","link":"https:\/\/elcoline.com\/fi\/elcolinen-uusi-toimitusjohtaja-elina-engman-on-aloittanut-tehtavassaan\/","title":{"rendered":"Elcolinen uusi toimitusjohtaja Elina Engman on aloittanut teht\u00e4v\u00e4ss\u00e4\u00e4n"},"content":{"rendered":"\n<p>Elcoline Group Oy:n uusi toimitusjohtaja Elina Engman on aloittanut teht\u00e4v\u00e4ss\u00e4\u00e4n 1.9.2024.<\/p>\n\n\n\n<p>Ensimm\u00e4isen\u00e4 ty\u00f6p\u00e4iv\u00e4n\u00e4\u00e4n Engman on vieraillut yhti\u00f6n synnyinseudulla Varkaudessa tutustumassa henkil\u00f6st\u00f6\u00f6n ja yhti\u00f6n toimintaan.<\/p>\n\n\n\n<p>Engmanin laaja kokemus ja osaaminen teollisuuden parista ovat avain Elcolinen seuraavan kunnianhimoisen kasvutavoitteen toteuttamiseen. Uuden toimitusjohtajan johdolla yhti\u00f6 jatkaa vahvaa ja kannattavaa kasvumatkaa kohti 250 miljoonan euron liikevaihtotavoitetta.<\/p>\n\n\n\n<p>T\u00e4ll\u00e4 hetkell\u00e4 Elcolinen liikevaihto on noin 100 miljoonaa euroa ja se ty\u00f6llist\u00e4\u00e4 liki 800 teollisuuden alan ammattilaista. Yhti\u00f6 on kasvanut alalla merkitt\u00e4v\u00e4ksi teollisuuden palveluyritykseksi tarjoten asiakkailleen kattavan palveluvalikoiman teollisuuden asennusprojekti- ja kunnossapitopalveluita Suomessa ja Ruotsissa, niin paikallisesti kuin maanlaajuisesti. Lis\u00e4ksi yhti\u00f6 toimittaa palvelusopimustensa kautta kansainv\u00e4lisille asiakkailleen huoltot\u00f6it\u00e4 ymp\u00e4ri maapalloa. Laadukkaita ja turvallisia palveluita tuottamalla Elcoline varmistaa asiakkaidensa tuotantovarmuuden sek\u00e4 kilpailukyvyn.<\/p>\n\n\n\n<div style=\"height:36px\" aria-hidden=\"true\" class=\"wp-block-spacer\"><\/div>\n\n\n\n<h3 class=\"wp-block-heading\"><strong>Yhteystiedot:<\/strong><\/h3>\n\n\n\n<p>Toimitusjohtaja<\/p>\n\n\n\n<h3 class=\"wp-block-heading\">Elina Engman<\/h3>\n\n\n\n<p>+358 50 351 4673<br>elina.engman(a)elcoline.fi<br>Elcoline Group Oy<br>Hiilikatu 3<br>FI-00180 Helsinki<\/p>\n","protected":false},"excerpt":{"rendered":"<p>Elcoline Group Oy:n uusi toimitusjohtaja Elina Engman on aloittanut teht\u00e4v\u00e4ss\u00e4\u00e4n 1.9.2024. Ensimm\u00e4isen\u00e4 ty\u00f6p\u00e4iv\u00e4n\u00e4\u00e4n Engman on vieraillut yhti\u00f6n synnyinseudulla Varkaudessa tutustumassa henkil\u00f6st\u00f6\u00f6n ja yhti\u00f6n toimintaan. Engmanin laaja kokemus ja osaaminen teollisuuden parista ovat avain Elcolinen seuraavan kunnianhimoisen kasvutavoitteen toteuttamiseen. Uuden toimitusjohtajan johdolla yhti\u00f6 jatkaa vahvaa ja kannattavaa kasvumatkaa kohti 250 miljoonan euron liikevaihtotavoitetta. T\u00e4ll\u00e4 hetkell\u00e4 Elcolinen [&hellip;]<\/p>\n","protected":false},"author":3,"featured_media":43326,"comment_status":"open","ping_status":"closed","sticky":false,"template":"","format":"standard","meta":{"footnotes":""},"categories":[50,124],"tags":[],"class_list":["post-43324","post","type-post","status-publish","format-standard","has-post-thumbnail","hentry","category-suomi","category-uutinen"],"yoast_head":"<!-- This site is optimized with the Yoast SEO plugin v27.5 - https:\/\/yoast.com\/product\/yoast-seo-wordpress\/ -->\n<title>Elcolinen uusi toimitusjohtaja Elina Engman on aloittanut teht\u00e4v\u00e4ss\u00e4\u00e4n - Elcoline Group<\/title>\n<meta name=\"robots\" content=\"index, follow, max-snippet:-1, max-image-preview:large, max-video-preview:-1\" \/>\n<link rel=\"canonical\" href=\"https:\/\/elcoline.com\/fi\/elcolinen-uusi-toimitusjohtaja-elina-engman-on-aloittanut-tehtavassaan\/\" \/>\n<meta property=\"og:locale\" content=\"fi_FI\" \/>\n<meta property=\"og:type\" content=\"article\" \/>\n<meta property=\"og:title\" content=\"Elcolinen uusi toimitusjohtaja Elina Engman on aloittanut teht\u00e4v\u00e4ss\u00e4\u00e4n - Elcoline Group\" \/>\n<meta property=\"og:description\" content=\"Elcoline Group Oy:n uusi toimitusjohtaja Elina Engman on aloittanut teht\u00e4v\u00e4ss\u00e4\u00e4n 1.9.2024. Ensimm\u00e4isen\u00e4 ty\u00f6p\u00e4iv\u00e4n\u00e4\u00e4n Engman on vieraillut yhti\u00f6n synnyinseudulla Varkaudessa tutustumassa henkil\u00f6st\u00f6\u00f6n ja yhti\u00f6n toimintaan. Engmanin laaja kokemus ja osaaminen teollisuuden parista ovat avain Elcolinen seuraavan kunnianhimoisen kasvutavoitteen toteuttamiseen. Uuden toimitusjohtajan johdolla yhti\u00f6 jatkaa vahvaa ja kannattavaa kasvumatkaa kohti 250 miljoonan euron liikevaihtotavoitetta. T\u00e4ll\u00e4 hetkell\u00e4 Elcolinen [&hellip;]\" \/>\n<meta property=\"og:url\" content=\"https:\/\/elcoline.com\/fi\/elcolinen-uusi-toimitusjohtaja-elina-engman-on-aloittanut-tehtavassaan\/\" \/>\n<meta property=\"og:site_name\" content=\"Elcoline Group\" \/>\n<meta property=\"article:published_time\" content=\"2024-09-02T13:58:00+00:00\" \/>\n<meta name=\"author\" content=\"sini\" \/>\n<meta name=\"twitter:card\" content=\"summary_large_image\" \/>\n<meta name=\"twitter:label1\" content=\"Kirjoittanut\" \/>\n\t<meta name=\"twitter:data1\" content=\"sini\" \/>\n\t<meta name=\"twitter:label2\" content=\"Arvioitu lukuaika\" \/>\n\t<meta name=\"twitter:data2\" content=\"1 minuutti\" \/>\n<script type=\"application\/ld+json\" class=\"yoast-schema-graph\">{\"@context\":\"https:\\\/\\\/schema.org\",\"@graph\":[{\"@type\":\"Article\",\"@id\":\"https:\\\/\\\/elcoline.com\\\/fi\\\/elcolinen-uusi-toimitusjohtaja-elina-engman-on-aloittanut-tehtavassaan\\\/#article\",\"isPartOf\":{\"@id\":\"https:\\\/\\\/elcoline.com\\\/fi\\\/elcolinen-uusi-toimitusjohtaja-elina-engman-on-aloittanut-tehtavassaan\\\/\"},\"author\":{\"name\":\"sini\",\"@id\":\"https:\\\/\\\/elcoline.com\\\/fi\\\/#\\\/schema\\\/person\\\/87de24e6c96948362b697f808747d913\"},\"headline\":\"Elcolinen uusi toimitusjohtaja Elina Engman on aloittanut teht\u00e4v\u00e4ss\u00e4\u00e4n\",\"datePublished\":\"2024-09-02T13:58:00+00:00\",\"mainEntityOfPage\":{\"@id\":\"https:\\\/\\\/elcoline.com\\\/fi\\\/elcolinen-uusi-toimitusjohtaja-elina-engman-on-aloittanut-tehtavassaan\\\/\"},\"wordCount\":153,\"commentCount\":0,\"image\":{\"@id\":\"https:\\\/\\\/elcoline.com\\\/fi\\\/elcolinen-uusi-toimitusjohtaja-elina-engman-on-aloittanut-tehtavassaan\\\/#primaryimage\"},\"thumbnailUrl\":\"\",\"articleSection\":[\"suomi\",\"UUTINEN\"],\"inLanguage\":\"fi\",\"potentialAction\":[{\"@type\":\"CommentAction\",\"name\":\"Comment\",\"target\":[\"https:\\\/\\\/elcoline.com\\\/fi\\\/elcolinen-uusi-toimitusjohtaja-elina-engman-on-aloittanut-tehtavassaan\\\/#respond\"]}]},{\"@type\":\"WebPage\",\"@id\":\"https:\\\/\\\/elcoline.com\\\/fi\\\/elcolinen-uusi-toimitusjohtaja-elina-engman-on-aloittanut-tehtavassaan\\\/\",\"url\":\"https:\\\/\\\/elcoline.com\\\/fi\\\/elcolinen-uusi-toimitusjohtaja-elina-engman-on-aloittanut-tehtavassaan\\\/\",\"name\":\"Elcolinen uusi toimitusjohtaja Elina Engman on aloittanut teht\u00e4v\u00e4ss\u00e4\u00e4n - Elcoline Group\",\"isPartOf\":{\"@id\":\"https:\\\/\\\/elcoline.com\\\/fi\\\/#website\"},\"primaryImageOfPage\":{\"@id\":\"https:\\\/\\\/elcoline.com\\\/fi\\\/elcolinen-uusi-toimitusjohtaja-elina-engman-on-aloittanut-tehtavassaan\\\/#primaryimage\"},\"image\":{\"@id\":\"https:\\\/\\\/elcoline.com\\\/fi\\\/elcolinen-uusi-toimitusjohtaja-elina-engman-on-aloittanut-tehtavassaan\\\/#primaryimage\"},\"thumbnailUrl\":\"\",\"datePublished\":\"2024-09-02T13:58:00+00:00\",\"author\":{\"@id\":\"https:\\\/\\\/elcoline.com\\\/fi\\\/#\\\/schema\\\/person\\\/87de24e6c96948362b697f808747d913\"},\"breadcrumb\":{\"@id\":\"https:\\\/\\\/elcoline.com\\\/fi\\\/elcolinen-uusi-toimitusjohtaja-elina-engman-on-aloittanut-tehtavassaan\\\/#breadcrumb\"},\"inLanguage\":\"fi\",\"potentialAction\":[{\"@type\":\"ReadAction\",\"target\":[\"https:\\\/\\\/elcoline.com\\\/fi\\\/elcolinen-uusi-toimitusjohtaja-elina-engman-on-aloittanut-tehtavassaan\\\/\"]}]},{\"@type\":\"ImageObject\",\"inLanguage\":\"fi\",\"@id\":\"https:\\\/\\\/elcoline.com\\\/fi\\\/elcolinen-uusi-toimitusjohtaja-elina-engman-on-aloittanut-tehtavassaan\\\/#primaryimage\",\"url\":\"\",\"contentUrl\":\"\"},{\"@type\":\"WebSite\",\"@id\":\"https:\\\/\\\/elcoline.com\\\/fi\\\/#website\",\"url\":\"https:\\\/\\\/elcoline.com\\\/fi\\\/\",\"name\":\"Elcoline Group\",\"description\":\"\",\"potentialAction\":[{\"@type\":\"SearchAction\",\"target\":{\"@type\":\"EntryPoint\",\"urlTemplate\":\"https:\\\/\\\/elcoline.com\\\/fi\\\/?s={search_term_string}\"},\"query-input\":{\"@type\":\"PropertyValueSpecification\",\"valueRequired\":true,\"valueName\":\"search_term_string\"}}],\"inLanguage\":\"fi\"},{\"@type\":\"Person\",\"@id\":\"https:\\\/\\\/elcoline.com\\\/fi\\\/#\\\/schema\\\/person\\\/87de24e6c96948362b697f808747d913\",\"name\":\"sini\",\"url\":\"https:\\\/\\\/elcoline.com\\\/fi\\\/author\\\/sini\\\/\"}]}<\/script>\n<!-- \/ Yoast SEO plugin. -->","yoast_head_json":{"title":"Elcolinen uusi toimitusjohtaja Elina Engman on aloittanut teht\u00e4v\u00e4ss\u00e4\u00e4n - Elcoline Group","robots":{"index":"index","follow":"follow","max-snippet":"max-snippet:-1","max-image-preview":"max-image-preview:large","max-video-preview":"max-video-preview:-1"},"canonical":"https:\/\/elcoline.com\/fi\/elcolinen-uusi-toimitusjohtaja-elina-engman-on-aloittanut-tehtavassaan\/","og_locale":"fi_FI","og_type":"article","og_title":"Elcolinen uusi toimitusjohtaja Elina Engman on aloittanut teht\u00e4v\u00e4ss\u00e4\u00e4n - Elcoline Group","og_description":"Elcoline Group Oy:n uusi toimitusjohtaja Elina Engman on aloittanut teht\u00e4v\u00e4ss\u00e4\u00e4n 1.9.2024. Ensimm\u00e4isen\u00e4 ty\u00f6p\u00e4iv\u00e4n\u00e4\u00e4n Engman on vieraillut yhti\u00f6n synnyinseudulla Varkaudessa tutustumassa henkil\u00f6st\u00f6\u00f6n ja yhti\u00f6n toimintaan. Engmanin laaja kokemus ja osaaminen teollisuuden parista ovat avain Elcolinen seuraavan kunnianhimoisen kasvutavoitteen toteuttamiseen. Uuden toimitusjohtajan johdolla yhti\u00f6 jatkaa vahvaa ja kannattavaa kasvumatkaa kohti 250 miljoonan euron liikevaihtotavoitetta. T\u00e4ll\u00e4 hetkell\u00e4 Elcolinen [&hellip;]","og_url":"https:\/\/elcoline.com\/fi\/elcolinen-uusi-toimitusjohtaja-elina-engman-on-aloittanut-tehtavassaan\/","og_site_name":"Elcoline Group","article_published_time":"2024-09-02T13:58:00+00:00","author":"sini","twitter_card":"summary_large_image","twitter_misc":{"Kirjoittanut":"sini","Arvioitu lukuaika":"1 minuutti"},"schema":{"@context":"https:\/\/schema.org","@graph":[{"@type":"Article","@id":"https:\/\/elcoline.com\/fi\/elcolinen-uusi-toimitusjohtaja-elina-engman-on-aloittanut-tehtavassaan\/#article","isPartOf":{"@id":"https:\/\/elcoline.com\/fi\/elcolinen-uusi-toimitusjohtaja-elina-engman-on-aloittanut-tehtavassaan\/"},"author":{"name":"sini","@id":"https:\/\/elcoline.com\/fi\/#\/schema\/person\/87de24e6c96948362b697f808747d913"},"headline":"Elcolinen uusi toimitusjohtaja Elina Engman on aloittanut teht\u00e4v\u00e4ss\u00e4\u00e4n","datePublished":"2024-09-02T13:58:00+00:00","mainEntityOfPage":{"@id":"https:\/\/elcoline.com\/fi\/elcolinen-uusi-toimitusjohtaja-elina-engman-on-aloittanut-tehtavassaan\/"},"wordCount":153,"commentCount":0,"image":{"@id":"https:\/\/elcoline.com\/fi\/elcolinen-uusi-toimitusjohtaja-elina-engman-on-aloittanut-tehtavassaan\/#primaryimage"},"thumbnailUrl":"","articleSection":["suomi","UUTINEN"],"inLanguage":"fi","potentialAction":[{"@type":"CommentAction","name":"Comment","target":["https:\/\/elcoline.com\/fi\/elcolinen-uusi-toimitusjohtaja-elina-engman-on-aloittanut-tehtavassaan\/#respond"]}]},{"@type":"WebPage","@id":"https:\/\/elcoline.com\/fi\/elcolinen-uusi-toimitusjohtaja-elina-engman-on-aloittanut-tehtavassaan\/","url":"https:\/\/elcoline.com\/fi\/elcolinen-uusi-toimitusjohtaja-elina-engman-on-aloittanut-tehtavassaan\/","name":"Elcolinen uusi toimitusjohtaja Elina Engman on aloittanut teht\u00e4v\u00e4ss\u00e4\u00e4n - Elcoline Group","isPartOf":{"@id":"https:\/\/elcoline.com\/fi\/#website"},"primaryImageOfPage":{"@id":"https:\/\/elcoline.com\/fi\/elcolinen-uusi-toimitusjohtaja-elina-engman-on-aloittanut-tehtavassaan\/#primaryimage"},"image":{"@id":"https:\/\/elcoline.com\/fi\/elcolinen-uusi-toimitusjohtaja-elina-engman-on-aloittanut-tehtavassaan\/#primaryimage"},"thumbnailUrl":"","datePublished":"2024-09-02T13:58:00+00:00","author":{"@id":"https:\/\/elcoline.com\/fi\/#\/schema\/person\/87de24e6c96948362b697f808747d913"},"breadcrumb":{"@id":"https:\/\/elcoline.com\/fi\/elcolinen-uusi-toimitusjohtaja-elina-engman-on-aloittanut-tehtavassaan\/#breadcrumb"},"inLanguage":"fi","potentialAction":[{"@type":"ReadAction","target":["https:\/\/elcoline.com\/fi\/elcolinen-uusi-toimitusjohtaja-elina-engman-on-aloittanut-tehtavassaan\/"]}]},{"@type":"ImageObject","inLanguage":"fi","@id":"https:\/\/elcoline.com\/fi\/elcolinen-uusi-toimitusjohtaja-elina-engman-on-aloittanut-tehtavassaan\/#primaryimage","url":"","contentUrl":""},{"@type":"WebSite","@id":"https:\/\/elcoline.com\/fi\/#website","url":"https:\/\/elcoline.com\/fi\/","name":"Elcoline Group","description":"","potentialAction":[{"@type":"SearchAction","target":{"@type":"EntryPoint","urlTemplate":"https:\/\/elcoline.com\/fi\/?s={search_term_string}"},"query-input":{"@type":"PropertyValueSpecification","valueRequired":true,"valueName":"search_term_string"}}],"inLanguage":"fi"},{"@type":"Person","@id":"https:\/\/elcoline.com\/fi\/#\/schema\/person\/87de24e6c96948362b697f808747d913","name":"sini","url":"https:\/\/elcoline.com\/fi\/author\/sini\/"}]}},"pbg_featured_image_src":{"full":false,"thumbnail":false,"medium":false,"medium_large":false,"large":false,"1536x1536":false,"2048x2048":false},"pbg_author_info":{"display_name":"sini","author_link":"https:\/\/elcoline.com\/fi\/author\/sini\/","author_img":false},"pbg_comment_info":" No Comments","pbg_excerpt":"Elcoline Group Oy:n uusi toimitusjohtaja Elina Engman on aloittanut teht\u00e4v\u00e4ss\u00e4\u00e4n 1.9.2024. Ensimm\u00e4isen\u00e4 ty\u00f6p\u00e4iv\u00e4n\u00e4\u00e4n Engman on vieraillut yhti\u00f6n synnyinseudulla Varkaudessa tutustumassa henkil\u00f6st\u00f6\u00f6n ja yhti\u00f6n toimintaan. Engmanin laaja kokemus ja osaaminen teollisuuden parista ovat avain Elcolinen seuraavan kunnianhimoisen kasvutavoitteen toteuttamiseen. Uuden toimitusjohtajan johdolla yhti\u00f6 jatkaa vahvaa ja kannattavaa kasvumatkaa kohti 250 miljoonan euron liikevaihtotavoitetta. T\u00e4ll\u00e4 hetkell\u00e4 Elcolinen&hellip;","_links":{"self":[{"href":"https:\/\/elcoline.com\/fi\/wp-json\/wp\/v2\/posts\/43324","targetHints":{"allow":["GET"]}}],"collection":[{"href":"https:\/\/elcoline.com\/fi\/wp-json\/wp\/v2\/posts"}],"about":[{"href":"https:\/\/elcoline.com\/fi\/wp-json\/wp\/v2\/types\/post"}],"author":[{"embeddable":true,"href":"https:\/\/elcoline.com\/fi\/wp-json\/wp\/v2\/users\/3"}],"replies":[{"embeddable":true,"href":"https:\/\/elcoline.com\/fi\/wp-json\/wp\/v2\/comments?post=43324"}],"version-history":[{"count":0,"href":"https:\/\/elcoline.com\/fi\/wp-json\/wp\/v2\/posts\/43324\/revisions"}],"wp:featuredmedia":[{"embeddable":true,"href":"https:\/\/elcoline.com\/fi\/wp-json\/"}],"wp:attachment":[{"href":"https:\/\/elcoline.com\/fi\/wp-json\/wp\/v2\/media?parent=43324"}],"wp:term":[{"taxonomy":"category","embeddable":true,"href":"https:\/\/elcoline.com\/fi\/wp-json\/wp\/v2\/categories?post=43324"},{"taxonomy":"post_tag","embeddable":true,"href":"https:\/\/elcoline.com\/fi\/wp-json\/wp\/v2\/tags?post=43324"}],"curies":[{"name":"wp","href":"https:\/\/api.w.org\/{rel}","templated":true}]}}