{"id":45738,"date":"2016-02-29T23:04:54","date_gmt":"2016-02-29T21:04:54","guid":{"rendered":"https:\/\/elcoline.fi\/?p=490"},"modified":"2016-02-29T23:04:54","modified_gmt":"2016-02-29T21:04:54","slug":"suomi-megatarskyt-rekrytointitapahtuma","status":"publish","type":"post","link":"https:\/\/elcoline.com\/fi\/suomi-megatarskyt-rekrytointitapahtuma\/","title":{"rendered":"<!--:fi-->Megat\u00e4rskyt-rekrytointitapahtuma<!--:-->"},"content":{"rendered":"<p><!--:en-->Tervetuloa messuosastollemme huomenna 1.3.2016 Kuopioon Pohjois-Savon suurimpaan rekrytointitapahtumaan &#8211; Megat\u00e4rskyille!<\/p>\n<p>Nuoret duuniin! Katso lis\u00e4\u00e4:<br \/>\n<a href=\"http:\/\/l.facebook.com\/l.php?u=http%3A%2F%2Fwww.nuoretduuniin.fi%2Ffi%2Fmegatarskyt2016%2Fmegatarskyt%2F&amp;h=JAQHdbYq-AQG9gu--SlwEAbtazb9MJ-uSuqlzIyfvQR71Pg&amp;enc=AZPRL46wQyD8P47iEzMKUVsQmskfel3-gxAfIUn5-Sxo2xTE6bio1es9NrGQ020vC1nPztHKljZphk6TqZSvMnzRP9K74T2hgORno2mD9GEskSB6dy654HyogoKYNKtr7CFqaHBoV-LB0TsqK163CLk-jwHUM3lq28RgEvsv4XRI3dCEuMJYnTaFPeqGnz92NJQWn7TOA4NDSp4iytb6nVeO&amp;s=1\" target=\"_blank\" rel=\"nofollow\">http:\/\/www.nuoretduuniin.fi\/fi\/megatarskyt2016\/megatarskyt\/<\/a><!--:--><\/p>\n","protected":false},"excerpt":{"rendered":"<p>Tervetuloa messuosastollemme huomenna 1.3.2016 Kuopioon Pohjois-Savon suurimpaan rekrytointitapahtumaan &#8211; Megat\u00e4rskyille! Nuoret duuniin! Katso lis\u00e4\u00e4: http:\/\/www.nuoretduuniin.fi\/fi\/megatarskyt2016\/megatarskyt\/<\/p>\n","protected":false},"author":10,"featured_media":0,"comment_status":"open","ping_status":"closed","sticky":false,"template":"","format":"standard","meta":{"footnotes":""},"categories":[50,51],"tags":[],"class_list":["post-45738","post","type-post","status-publish","format-standard","hentry","category-suomi","category-yleinen"],"yoast_head":"<!-- This site is optimized with the Yoast SEO plugin v27.5 - https:\/\/yoast.com\/product\/yoast-seo-wordpress\/ -->\n<title>Megat\u00e4rskyt-rekrytointitapahtuma - Elcoline Group<\/title>\n<meta name=\"robots\" content=\"index, follow, max-snippet:-1, max-image-preview:large, max-video-preview:-1\" \/>\n<link rel=\"canonical\" href=\"https:\/\/elcoline.com\/fi\/suomi-megatarskyt-rekrytointitapahtuma\/\" \/>\n<meta property=\"og:locale\" content=\"fi_FI\" \/>\n<meta property=\"og:type\" content=\"article\" \/>\n<meta property=\"og:title\" content=\"Megat\u00e4rskyt-rekrytointitapahtuma - Elcoline Group\" \/>\n<meta property=\"og:description\" content=\"Tervetuloa messuosastollemme huomenna 1.3.2016 Kuopioon Pohjois-Savon suurimpaan rekrytointitapahtumaan &#8211; Megat\u00e4rskyille! Nuoret duuniin! Katso lis\u00e4\u00e4: http:\/\/www.nuoretduuniin.fi\/fi\/megatarskyt2016\/megatarskyt\/\" \/>\n<meta property=\"og:url\" content=\"https:\/\/elcoline.com\/fi\/suomi-megatarskyt-rekrytointitapahtuma\/\" \/>\n<meta property=\"og:site_name\" content=\"Elcoline Group\" \/>\n<meta property=\"article:published_time\" content=\"2016-02-29T21:04:54+00:00\" \/>\n<meta name=\"author\" content=\"admin\" \/>\n<meta name=\"twitter:card\" content=\"summary_large_image\" \/>\n<meta name=\"twitter:label1\" content=\"Kirjoittanut\" \/>\n\t<meta name=\"twitter:data1\" content=\"admin\" \/>\n<script type=\"application\/ld+json\" class=\"yoast-schema-graph\">{\"@context\":\"https:\\\/\\\/schema.org\",\"@graph\":[{\"@type\":\"Article\",\"@id\":\"https:\\\/\\\/elcoline.com\\\/fi\\\/suomi-megatarskyt-rekrytointitapahtuma\\\/#article\",\"isPartOf\":{\"@id\":\"https:\\\/\\\/elcoline.com\\\/fi\\\/suomi-megatarskyt-rekrytointitapahtuma\\\/\"},\"author\":{\"name\":\"admin\",\"@id\":\"https:\\\/\\\/elcoline.com\\\/fi\\\/#\\\/schema\\\/person\\\/cd5a31544c5e4cbdee87c0445c93ac99\"},\"headline\":\"Megat\u00e4rskyt-rekrytointitapahtuma\",\"datePublished\":\"2016-02-29T21:04:54+00:00\",\"mainEntityOfPage\":{\"@id\":\"https:\\\/\\\/elcoline.com\\\/fi\\\/suomi-megatarskyt-rekrytointitapahtuma\\\/\"},\"wordCount\":23,\"commentCount\":0,\"articleSection\":[\"suomi\"],\"inLanguage\":\"fi\",\"potentialAction\":[{\"@type\":\"CommentAction\",\"name\":\"Comment\",\"target\":[\"https:\\\/\\\/elcoline.com\\\/fi\\\/suomi-megatarskyt-rekrytointitapahtuma\\\/#respond\"]}]},{\"@type\":\"WebPage\",\"@id\":\"https:\\\/\\\/elcoline.com\\\/fi\\\/suomi-megatarskyt-rekrytointitapahtuma\\\/\",\"url\":\"https:\\\/\\\/elcoline.com\\\/fi\\\/suomi-megatarskyt-rekrytointitapahtuma\\\/\",\"name\":\"Megat\u00e4rskyt-rekrytointitapahtuma - Elcoline Group\",\"isPartOf\":{\"@id\":\"https:\\\/\\\/elcoline.com\\\/fi\\\/#website\"},\"datePublished\":\"2016-02-29T21:04:54+00:00\",\"author\":{\"@id\":\"https:\\\/\\\/elcoline.com\\\/fi\\\/#\\\/schema\\\/person\\\/cd5a31544c5e4cbdee87c0445c93ac99\"},\"breadcrumb\":{\"@id\":\"https:\\\/\\\/elcoline.com\\\/fi\\\/suomi-megatarskyt-rekrytointitapahtuma\\\/#breadcrumb\"},\"inLanguage\":\"fi\",\"potentialAction\":[{\"@type\":\"ReadAction\",\"target\":[\"https:\\\/\\\/elcoline.com\\\/fi\\\/suomi-megatarskyt-rekrytointitapahtuma\\\/\"]}]},{\"@type\":\"WebSite\",\"@id\":\"https:\\\/\\\/elcoline.com\\\/fi\\\/#website\",\"url\":\"https:\\\/\\\/elcoline.com\\\/fi\\\/\",\"name\":\"Elcoline Group\",\"description\":\"\",\"potentialAction\":[{\"@type\":\"SearchAction\",\"target\":{\"@type\":\"EntryPoint\",\"urlTemplate\":\"https:\\\/\\\/elcoline.com\\\/fi\\\/?s={search_term_string}\"},\"query-input\":{\"@type\":\"PropertyValueSpecification\",\"valueRequired\":true,\"valueName\":\"search_term_string\"}}],\"inLanguage\":\"fi\"},{\"@type\":\"Person\",\"@id\":\"https:\\\/\\\/elcoline.com\\\/fi\\\/#\\\/schema\\\/person\\\/cd5a31544c5e4cbdee87c0445c93ac99\",\"name\":\"admin\",\"sameAs\":[\"https:\\\/\\\/elcoline.lndo.site\",\"admin\"],\"url\":\"https:\\\/\\\/elcoline.com\\\/fi\\\/author\\\/admin\\\/\"}]}<\/script>\n<!-- \/ Yoast SEO plugin. -->","yoast_head_json":{"title":"Megat\u00e4rskyt-rekrytointitapahtuma - Elcoline Group","robots":{"index":"index","follow":"follow","max-snippet":"max-snippet:-1","max-image-preview":"max-image-preview:large","max-video-preview":"max-video-preview:-1"},"canonical":"https:\/\/elcoline.com\/fi\/suomi-megatarskyt-rekrytointitapahtuma\/","og_locale":"fi_FI","og_type":"article","og_title":"Megat\u00e4rskyt-rekrytointitapahtuma - Elcoline Group","og_description":"Tervetuloa messuosastollemme huomenna 1.3.2016 Kuopioon Pohjois-Savon suurimpaan rekrytointitapahtumaan &#8211; Megat\u00e4rskyille! Nuoret duuniin! Katso lis\u00e4\u00e4: http:\/\/www.nuoretduuniin.fi\/fi\/megatarskyt2016\/megatarskyt\/","og_url":"https:\/\/elcoline.com\/fi\/suomi-megatarskyt-rekrytointitapahtuma\/","og_site_name":"Elcoline Group","article_published_time":"2016-02-29T21:04:54+00:00","author":"admin","twitter_card":"summary_large_image","twitter_misc":{"Kirjoittanut":"admin"},"schema":{"@context":"https:\/\/schema.org","@graph":[{"@type":"Article","@id":"https:\/\/elcoline.com\/fi\/suomi-megatarskyt-rekrytointitapahtuma\/#article","isPartOf":{"@id":"https:\/\/elcoline.com\/fi\/suomi-megatarskyt-rekrytointitapahtuma\/"},"author":{"name":"admin","@id":"https:\/\/elcoline.com\/fi\/#\/schema\/person\/cd5a31544c5e4cbdee87c0445c93ac99"},"headline":"Megat\u00e4rskyt-rekrytointitapahtuma","datePublished":"2016-02-29T21:04:54+00:00","mainEntityOfPage":{"@id":"https:\/\/elcoline.com\/fi\/suomi-megatarskyt-rekrytointitapahtuma\/"},"wordCount":23,"commentCount":0,"articleSection":["suomi"],"inLanguage":"fi","potentialAction":[{"@type":"CommentAction","name":"Comment","target":["https:\/\/elcoline.com\/fi\/suomi-megatarskyt-rekrytointitapahtuma\/#respond"]}]},{"@type":"WebPage","@id":"https:\/\/elcoline.com\/fi\/suomi-megatarskyt-rekrytointitapahtuma\/","url":"https:\/\/elcoline.com\/fi\/suomi-megatarskyt-rekrytointitapahtuma\/","name":"Megat\u00e4rskyt-rekrytointitapahtuma - Elcoline Group","isPartOf":{"@id":"https:\/\/elcoline.com\/fi\/#website"},"datePublished":"2016-02-29T21:04:54+00:00","author":{"@id":"https:\/\/elcoline.com\/fi\/#\/schema\/person\/cd5a31544c5e4cbdee87c0445c93ac99"},"breadcrumb":{"@id":"https:\/\/elcoline.com\/fi\/suomi-megatarskyt-rekrytointitapahtuma\/#breadcrumb"},"inLanguage":"fi","potentialAction":[{"@type":"ReadAction","target":["https:\/\/elcoline.com\/fi\/suomi-megatarskyt-rekrytointitapahtuma\/"]}]},{"@type":"WebSite","@id":"https:\/\/elcoline.com\/fi\/#website","url":"https:\/\/elcoline.com\/fi\/","name":"Elcoline Group","description":"","potentialAction":[{"@type":"SearchAction","target":{"@type":"EntryPoint","urlTemplate":"https:\/\/elcoline.com\/fi\/?s={search_term_string}"},"query-input":{"@type":"PropertyValueSpecification","valueRequired":true,"valueName":"search_term_string"}}],"inLanguage":"fi"},{"@type":"Person","@id":"https:\/\/elcoline.com\/fi\/#\/schema\/person\/cd5a31544c5e4cbdee87c0445c93ac99","name":"admin","sameAs":["https:\/\/elcoline.lndo.site","admin"],"url":"https:\/\/elcoline.com\/fi\/author\/admin\/"}]}},"pbg_featured_image_src":{"full":false,"thumbnail":false,"medium":false,"medium_large":false,"large":false,"1536x1536":false,"2048x2048":false},"pbg_author_info":{"display_name":"admin","author_link":"https:\/\/elcoline.com\/fi\/author\/admin\/","author_img":false},"pbg_comment_info":" No Comments","pbg_excerpt":"Tervetuloa messuosastollemme huomenna 1.3.2016 Kuopioon Pohjois-Savon suurimpaan rekrytointitapahtumaan &#8211; Megat\u00e4rskyille! Nuoret duuniin! Katso lis\u00e4\u00e4: http:\/\/www.nuoretduuniin.fi\/fi\/megatarskyt2016\/megatarskyt\/","_links":{"self":[{"href":"https:\/\/elcoline.com\/fi\/wp-json\/wp\/v2\/posts\/45738","targetHints":{"allow":["GET"]}}],"collection":[{"href":"https:\/\/elcoline.com\/fi\/wp-json\/wp\/v2\/posts"}],"about":[{"href":"https:\/\/elcoline.com\/fi\/wp-json\/wp\/v2\/types\/post"}],"author":[{"embeddable":true,"href":"https:\/\/elcoline.com\/fi\/wp-json\/wp\/v2\/users\/10"}],"replies":[{"embeddable":true,"href":"https:\/\/elcoline.com\/fi\/wp-json\/wp\/v2\/comments?post=45738"}],"version-history":[{"count":0,"href":"https:\/\/elcoline.com\/fi\/wp-json\/wp\/v2\/posts\/45738\/revisions"}],"wp:attachment":[{"href":"https:\/\/elcoline.com\/fi\/wp-json\/wp\/v2\/media?parent=45738"}],"wp:term":[{"taxonomy":"category","embeddable":true,"href":"https:\/\/elcoline.com\/fi\/wp-json\/wp\/v2\/categories?post=45738"},{"taxonomy":"post_tag","embeddable":true,"href":"https:\/\/elcoline.com\/fi\/wp-json\/wp\/v2\/tags?post=45738"}],"curies":[{"name":"wp","href":"https:\/\/api.w.org\/{rel}","templated":true}]}}