{"id":45750,"date":"2017-01-02T12:06:41","date_gmt":"2017-01-02T10:06:41","guid":{"rendered":"https:\/\/elcoline.fi\/?p=1048"},"modified":"2017-01-02T12:06:41","modified_gmt":"2017-01-02T10:06:41","slug":"suomi-tahroja-paperilla-elcolinen-vuosi-2016","status":"publish","type":"post","link":"https:\/\/elcoline.com\/fi\/suomi-tahroja-paperilla-elcolinen-vuosi-2016\/","title":{"rendered":"Tahroja paperilla &#8211; Elcolinen vuosi 2016"},"content":{"rendered":"<p><a href=\"https:\/\/elcoline.fi\/wp-content\/uploads\/2017\/01\/N\u00e4ytt\u00f6kuva-2016-12-31-kello-15.41.41.png\"><img loading=\"lazy\" decoding=\"async\" class=\"alignnone wp-image-1050\" src=\"https:\/\/elcoline.fi\/wp-content\/uploads\/2017\/01\/N\u00e4ytt\u00f6kuva-2016-12-31-kello-15.41.41-300x170.png\" alt=\"nayttokuva-2016-12-31-kello-15-41-41\" width=\"597\" height=\"338\" \/><\/a><\/p>\n<p>Kun vuonna 2002 laskeskelin armeijan p\u00e4iv\u00e4rahoja yhteen omaan osuuteeni Elcolinen perustamista varten, en olisi uskonut, ett\u00e4 yritykselle tulee viel\u00e4 t\u00e4llainen vuosi mit\u00e4 vuosi 2016 on ollut.<\/p>\n<p>Elcoline, jos joku ponnisti pienest\u00e4. Kuten er\u00e4\u00e4ss\u00e4 laulussakin sanotaan,\u00a0<em>\u201dmeid\u00e4n firman tarina se alkoi Transitista\u201d<\/em>.<\/p>\n<p>Matkaan mahtuu jos jonkin n\u00e4k\u00f6isi\u00e4 seikkailuja, mutta niist\u00e4 mielenkiinnoltaan edukseen erottuvat ehdottomasti vuoden 2016 tapahtumat.<\/p>\n<p>Starttasimme vuoteen 2016 luottavaisin mielin. Tiedossamme oli, ett\u00e4 asiakkaamme tulevat tekem\u00e4\u00e4n mittavia investointeja ja ty\u00f6t\u00e4 olisi varmasti tarjolla sit\u00e4 kautta my\u00f6s meillekin. Vuoden alkuun teimme yrityksen kannalta merkitt\u00e4v\u00e4n p\u00e4\u00e4t\u00f6ksen \u2013 p\u00e4\u00e4timme luoda 100 uutta ty\u00f6paikkaa Suomeen vuoteen 2020 menness\u00e4. Kev\u00e4\u00e4ll\u00e4 t\u00e4m\u00e4 p\u00e4\u00e4t\u00f6ksemme my\u00f6s julkistettiin Youtubessa julkaisemassamme Elcoline Channel- sarjassa \u201dsuurelle\u201d yleis\u00f6lle. T\u00e4h\u00e4n aikaan yhti\u00f6mme henkil\u00f6st\u00f6m\u00e4\u00e4r\u00e4 resurssisuunnitelman mukaan oli noin 60.<\/p>\n<p>Ensimm\u00e4isen kvarttaalin aikana alkoi kuitenkin ukoilta hymyt hyyty\u00e4. Yrityksen johto ihmetteli v\u00e4lill\u00e4 aamuy\u00f6n tunneillakin, miksi ei kauppa j\u00e4\u00e4. L\u00e4hestulkoon kaikki olettamamme kaupat meniv\u00e4t meilt\u00e4 ohi esimerkiksi siksi, ett\u00e4 emme olleet riitt\u00e4v\u00e4n suuri toimittaja tai emme olleet paikallinen yritys jossain p\u00e4in Suomea.<\/p>\n<p>Lumet kuitenkin sulivat ja aurinko alkoi paistaa my\u00f6s liiketoiminnassamme. Aikaisemmin tehdyt strategialinjaukset alkoivat kantamaan hedelm\u00e4\u00e4. Jopa vuosien mittaiset myyntity\u00f6t p\u00e4\u00e4tyiv\u00e4t palvelusopimuksiksi ja aloimme saada yrityksen toiminnan keski\u00f6ss\u00e4 olevia monivuotisia palvelusopimuksia ymp\u00e4ri maapalloa. N\u00e4iden sopimusten puitteissa henkil\u00f6st\u00f6mme onkin t\u00e4n\u00e4 vuonna ty\u00f6skennellyt Suomen lis\u00e4ksi mm. Bahamalla, Italiassa, Kreikassa, Portugalissa, Etel\u00e4-Koreassa, Singaporessa, Ruotsissa ja Turussa.<\/p>\n<p>Hein\u00e4kuussa kuulin kent\u00e4lt\u00e4 asentajilta tornihuhun, ett\u00e4 Elcoline on ostanut yrityksen nimelt\u00e4 Alstom. Valitettavasti t\u00e4m\u00e4 ei aivan pit\u00e4nyt paikkaansa, mutta jotain per\u00e4\u00e4 siin\u00e4 oli. T\u00e4m\u00e4 piskuinen autotallifirmasta aloittanut, nyt jo miehen mittaan kasvanut yritys osti 1.7.2016 yhdelt\u00e4 maailman suurimpien yritysten joukkoon lukeutuvalta amerikkalaiselta General Electricilt\u00e4 Suomen Plant Service- liiketoiminnot. T\u00e4m\u00e4 liiketoiminta oli aikaisemmin ollut my\u00f6s Alstomin omistuksessa. K\u00e4telless\u00e4ni kauppoja GE:n Suomen Presidentin kanssa ymm\u00e4rsin, ett\u00e4 oikeasti kyll\u00e4 me per\u00e4suomalaisetkin voimme tehd\u00e4 ihan mit\u00e4 vaan \u2013 maailma on meille auki!<\/p>\n<p>Plant Service liiketoiminnat integroitiin eritt\u00e4in onnistuneesti Elcolinen muihin toimintoihin ja n\u00e4in j\u00e4lkeenp\u00e4in arvioituna jopa \u201dvalonnopeudella\u201d. T\u00e4m\u00e4n liiketoimintakaupan j\u00e4lkeen palvelutarjontamme laajeni pelikentt\u00e4\u00e4mme n\u00e4hden poikkeuksellisen laajaksi. Liiketoimintamme ytimess\u00e4 on t\u00e4n\u00e4 p\u00e4iv\u00e4n\u00e4 teollisuuden s\u00e4hk\u00f6-\/automaatiopalveluiden lis\u00e4ksi yht\u00e4 vahvana, ellei jopa vahvempana raskaan teollisuuden mekaaniset asennuspalvelut sek\u00e4 hitsausty\u00f6t.<\/p>\n<p>Syksyll\u00e4 Suomeen saapui kuvausryhm\u00e4 Espanjasta. Maailman suurin ERP-j\u00e4rjestelmien toimittaja SAP teki Elcolinesta ensimm\u00e4isen\u00e4 suomalaisena yrityksen\u00e4 Success Story- videon Youtubeen.<\/p>\n<p>Loppuvuonna uusi toimintamallimme ja uudistunut palveluntarjontamme on tuottanut erinomaisia tuloksia. Liikevaihtomme on ottanut merkitt\u00e4v\u00e4n kasvuloikan kolmatta vuotta per\u00e4kk\u00e4in saavuttaen historiallisen enn\u00e4tyksen ja tulipa loppuvuonna saatua my\u00f6s Savon Yritt\u00e4jien Vuoden yritt\u00e4j\u00e4- palkinto \u2013 n\u00f6yr\u00e4 kiitos siit\u00e4.<\/p>\n<p>Vuoden aikana merkitt\u00e4vien kasvuloikkien ansiosta henkil\u00f6st\u00f6m\u00e4\u00e4r\u00e4mme on noussut noin 130 henkeen. Resurssisuunnitelmamme huippulukema oli joulukuussa 2016 154 henke\u00e4. Ty\u00f6t\u00e4 tavoitteemme saavuttamiseen on kuitenkin viel\u00e4 eritt\u00e4in paljon j\u00e4ljell\u00e4. Tavoitteemme on ty\u00f6llist\u00e4\u00e4 vuonna 2020 200 henke\u00e4. Tavoitteemme saavuttaminen vaatii n\u00f6yr\u00e4\u00e4 ja kovaa ty\u00f6t\u00e4 ja onnistumisia eritt\u00e4in monessa kohdassa.<\/p>\n<p>Tulevan vuoden k\u00e4ynnist\u00e4mme merkitt\u00e4v\u00e4ll\u00e4 investoinnilla digitaalisten palveluiden kehitt\u00e4miseksi \u2013 haluamme olla selke\u00e4 edell\u00e4k\u00e4vij\u00e4 digitaalisten palveluiden tuomisessa urakointi- ja kunnossapitoalalle. Toisaalta varmuutta tulevaan antaa meille historian suurin sopimuskanta, joka vie meid\u00e4t entist\u00e4 laajemmin palveluiden toimittamiseen ymp\u00e4ri maapalloa.<\/p>\n<p>Haluan kiitt\u00e4\u00e4 kuluneesta vuodesta asiakkaitamme jotka ovat mahdollistaneet meille t\u00e4m\u00e4n tarinan, sek\u00e4 tietenkin \u00e4\u00e4rett\u00f6m\u00e4n sitoutunutta henkil\u00f6st\u00f6\u00e4mme \u2013 asiakkaan yll\u00e4tt\u00e4minen positiivisesti on meille kunnia-asia.<\/p>\n<p>Erityisesti haluan kiitt\u00e4\u00e4 my\u00f6s sinua, joka jaksoit lukea t\u00e4m\u00e4n pitk\u00e4n kertomukseni t\u00e4nne asti ja kaikkia tarinaamme seuranneita, jotka ovat antaneet meille kannustuksellaan voimia taisteluihimme \u2013 KIITOS.<\/p>\n<p>Ps. Mukana aina 100 leijonaa, jonka osa jo tiet\u00e4\u00e4kin \ud83d\ude09<\/p>\n<p><em>\u201dIf you build an army of 100 lions and their leader is a dog, in any fight, the lions will die like a dog. But if you build an army of 100 dogs and their leader is a lion, all dogs will fight like a lion.\u201d \u2013 Napoleon Bonaparte.<\/em><\/p>\n<p>Kiitos kuluneesta vuodesta 2016,<\/p>\n<p>Jere R\u00e4is\u00e4nen<br \/>\nElcoline Group Oy<br \/>\nHallituksen Puheenjohtaja<br \/>\nTel. +358 (0)44 5599 144<br \/>\njere.raisanen@elcoline.fi<br \/>\n<a href=\"http:\/\/www.elcolineold.local\/\" target=\"_blank\" rel=\"nofollow noopener\">www.elcoline.fi<\/a><\/p>\n<p>Twitter: @JereRaisanen<br \/>\nLinkedIn: Jere R\u00e4is\u00e4nen<br \/>\nInstagram: JERESRAISANEN<br \/>\nFacebooks: Jere R\u00e4is\u00e4nen<\/p>\n<p><em>Me Elcolinella olemme sitoutuneet synnytt\u00e4m\u00e4\u00e4n Suomeen 100 uutta ty\u00f6paikkaa vuoteen 2020 menness\u00e4.<\/em><\/p>\n","protected":false},"excerpt":{"rendered":"<p>Kun vuonna 2002 laskeskelin armeijan p\u00e4iv\u00e4rahoja yhteen omaan osuuteeni Elcolinen perustamista varten, en olisi uskonut, ett\u00e4 yritykselle tulee viel\u00e4 t\u00e4llainen vuosi mit\u00e4 vuosi 2016 on ollut. Elcoline, jos joku ponnisti pienest\u00e4. Kuten er\u00e4\u00e4ss\u00e4 laulussakin sanotaan,\u00a0\u201dmeid\u00e4n firman tarina se alkoi Transitista\u201d. Matkaan mahtuu jos jonkin n\u00e4k\u00f6isi\u00e4 seikkailuja, mutta niist\u00e4 mielenkiinnoltaan edukseen erottuvat ehdottomasti vuoden 2016 tapahtumat. [&hellip;]<\/p>\n","protected":false},"author":10,"featured_media":0,"comment_status":"open","ping_status":"closed","sticky":false,"template":"","format":"standard","meta":{"footnotes":""},"categories":[80,50],"tags":[],"class_list":["post-45750","post","type-post","status-publish","format-standard","hentry","category-blog","category-suomi"],"yoast_head":"<!-- This site is optimized with the Yoast SEO plugin v27.5 - https:\/\/yoast.com\/product\/yoast-seo-wordpress\/ -->\n<title>Tahroja paperilla - Elcolinen vuosi 2016 - Elcoline Group<\/title>\n<meta name=\"robots\" content=\"index, follow, max-snippet:-1, max-image-preview:large, max-video-preview:-1\" \/>\n<link rel=\"canonical\" href=\"https:\/\/elcoline.com\/fi\/suomi-tahroja-paperilla-elcolinen-vuosi-2016\/\" \/>\n<meta property=\"og:locale\" content=\"fi_FI\" \/>\n<meta property=\"og:type\" content=\"article\" \/>\n<meta property=\"og:title\" content=\"Tahroja paperilla - Elcolinen vuosi 2016 - Elcoline Group\" \/>\n<meta property=\"og:description\" content=\"Kun vuonna 2002 laskeskelin armeijan p\u00e4iv\u00e4rahoja yhteen omaan osuuteeni Elcolinen perustamista varten, en olisi uskonut, ett\u00e4 yritykselle tulee viel\u00e4 t\u00e4llainen vuosi mit\u00e4 vuosi 2016 on ollut. Elcoline, jos joku ponnisti pienest\u00e4. Kuten er\u00e4\u00e4ss\u00e4 laulussakin sanotaan,\u00a0\u201dmeid\u00e4n firman tarina se alkoi Transitista\u201d. Matkaan mahtuu jos jonkin n\u00e4k\u00f6isi\u00e4 seikkailuja, mutta niist\u00e4 mielenkiinnoltaan edukseen erottuvat ehdottomasti vuoden 2016 tapahtumat. [&hellip;]\" \/>\n<meta property=\"og:url\" content=\"https:\/\/elcoline.com\/fi\/suomi-tahroja-paperilla-elcolinen-vuosi-2016\/\" \/>\n<meta property=\"og:site_name\" content=\"Elcoline Group\" \/>\n<meta property=\"article:published_time\" content=\"2017-01-02T10:06:41+00:00\" \/>\n<meta name=\"author\" content=\"admin\" \/>\n<meta name=\"twitter:card\" content=\"summary_large_image\" \/>\n<meta name=\"twitter:label1\" content=\"Kirjoittanut\" \/>\n\t<meta name=\"twitter:data1\" content=\"admin\" \/>\n\t<meta name=\"twitter:label2\" content=\"Arvioitu lukuaika\" \/>\n\t<meta name=\"twitter:data2\" content=\"4 minuuttia\" \/>\n<script type=\"application\/ld+json\" class=\"yoast-schema-graph\">{\"@context\":\"https:\\\/\\\/schema.org\",\"@graph\":[{\"@type\":\"Article\",\"@id\":\"https:\\\/\\\/elcoline.com\\\/fi\\\/suomi-tahroja-paperilla-elcolinen-vuosi-2016\\\/#article\",\"isPartOf\":{\"@id\":\"https:\\\/\\\/elcoline.com\\\/fi\\\/suomi-tahroja-paperilla-elcolinen-vuosi-2016\\\/\"},\"author\":{\"name\":\"admin\",\"@id\":\"https:\\\/\\\/elcoline.com\\\/fi\\\/#\\\/schema\\\/person\\\/cd5a31544c5e4cbdee87c0445c93ac99\"},\"headline\":\"Tahroja paperilla &#8211; Elcolinen vuosi 2016\",\"datePublished\":\"2017-01-02T10:06:41+00:00\",\"mainEntityOfPage\":{\"@id\":\"https:\\\/\\\/elcoline.com\\\/fi\\\/suomi-tahroja-paperilla-elcolinen-vuosi-2016\\\/\"},\"wordCount\":727,\"commentCount\":0,\"articleSection\":[\"Blogi\",\"suomi\"],\"inLanguage\":\"fi\",\"potentialAction\":[{\"@type\":\"CommentAction\",\"name\":\"Comment\",\"target\":[\"https:\\\/\\\/elcoline.com\\\/fi\\\/suomi-tahroja-paperilla-elcolinen-vuosi-2016\\\/#respond\"]}]},{\"@type\":\"WebPage\",\"@id\":\"https:\\\/\\\/elcoline.com\\\/fi\\\/suomi-tahroja-paperilla-elcolinen-vuosi-2016\\\/\",\"url\":\"https:\\\/\\\/elcoline.com\\\/fi\\\/suomi-tahroja-paperilla-elcolinen-vuosi-2016\\\/\",\"name\":\"Tahroja paperilla - Elcolinen vuosi 2016 - Elcoline Group\",\"isPartOf\":{\"@id\":\"https:\\\/\\\/elcoline.com\\\/fi\\\/#website\"},\"datePublished\":\"2017-01-02T10:06:41+00:00\",\"author\":{\"@id\":\"https:\\\/\\\/elcoline.com\\\/fi\\\/#\\\/schema\\\/person\\\/cd5a31544c5e4cbdee87c0445c93ac99\"},\"breadcrumb\":{\"@id\":\"https:\\\/\\\/elcoline.com\\\/fi\\\/suomi-tahroja-paperilla-elcolinen-vuosi-2016\\\/#breadcrumb\"},\"inLanguage\":\"fi\",\"potentialAction\":[{\"@type\":\"ReadAction\",\"target\":[\"https:\\\/\\\/elcoline.com\\\/fi\\\/suomi-tahroja-paperilla-elcolinen-vuosi-2016\\\/\"]}]},{\"@type\":\"WebSite\",\"@id\":\"https:\\\/\\\/elcoline.com\\\/fi\\\/#website\",\"url\":\"https:\\\/\\\/elcoline.com\\\/fi\\\/\",\"name\":\"Elcoline Group\",\"description\":\"\",\"potentialAction\":[{\"@type\":\"SearchAction\",\"target\":{\"@type\":\"EntryPoint\",\"urlTemplate\":\"https:\\\/\\\/elcoline.com\\\/fi\\\/?s={search_term_string}\"},\"query-input\":{\"@type\":\"PropertyValueSpecification\",\"valueRequired\":true,\"valueName\":\"search_term_string\"}}],\"inLanguage\":\"fi\"},{\"@type\":\"Person\",\"@id\":\"https:\\\/\\\/elcoline.com\\\/fi\\\/#\\\/schema\\\/person\\\/cd5a31544c5e4cbdee87c0445c93ac99\",\"name\":\"admin\",\"sameAs\":[\"https:\\\/\\\/elcoline.lndo.site\",\"admin\"],\"url\":\"https:\\\/\\\/elcoline.com\\\/fi\\\/author\\\/admin\\\/\"}]}<\/script>\n<!-- \/ Yoast SEO plugin. -->","yoast_head_json":{"title":"Tahroja paperilla - Elcolinen vuosi 2016 - Elcoline Group","robots":{"index":"index","follow":"follow","max-snippet":"max-snippet:-1","max-image-preview":"max-image-preview:large","max-video-preview":"max-video-preview:-1"},"canonical":"https:\/\/elcoline.com\/fi\/suomi-tahroja-paperilla-elcolinen-vuosi-2016\/","og_locale":"fi_FI","og_type":"article","og_title":"Tahroja paperilla - Elcolinen vuosi 2016 - Elcoline Group","og_description":"Kun vuonna 2002 laskeskelin armeijan p\u00e4iv\u00e4rahoja yhteen omaan osuuteeni Elcolinen perustamista varten, en olisi uskonut, ett\u00e4 yritykselle tulee viel\u00e4 t\u00e4llainen vuosi mit\u00e4 vuosi 2016 on ollut. Elcoline, jos joku ponnisti pienest\u00e4. Kuten er\u00e4\u00e4ss\u00e4 laulussakin sanotaan,\u00a0\u201dmeid\u00e4n firman tarina se alkoi Transitista\u201d. Matkaan mahtuu jos jonkin n\u00e4k\u00f6isi\u00e4 seikkailuja, mutta niist\u00e4 mielenkiinnoltaan edukseen erottuvat ehdottomasti vuoden 2016 tapahtumat. [&hellip;]","og_url":"https:\/\/elcoline.com\/fi\/suomi-tahroja-paperilla-elcolinen-vuosi-2016\/","og_site_name":"Elcoline Group","article_published_time":"2017-01-02T10:06:41+00:00","author":"admin","twitter_card":"summary_large_image","twitter_misc":{"Kirjoittanut":"admin","Arvioitu lukuaika":"4 minuuttia"},"schema":{"@context":"https:\/\/schema.org","@graph":[{"@type":"Article","@id":"https:\/\/elcoline.com\/fi\/suomi-tahroja-paperilla-elcolinen-vuosi-2016\/#article","isPartOf":{"@id":"https:\/\/elcoline.com\/fi\/suomi-tahroja-paperilla-elcolinen-vuosi-2016\/"},"author":{"name":"admin","@id":"https:\/\/elcoline.com\/fi\/#\/schema\/person\/cd5a31544c5e4cbdee87c0445c93ac99"},"headline":"Tahroja paperilla &#8211; Elcolinen vuosi 2016","datePublished":"2017-01-02T10:06:41+00:00","mainEntityOfPage":{"@id":"https:\/\/elcoline.com\/fi\/suomi-tahroja-paperilla-elcolinen-vuosi-2016\/"},"wordCount":727,"commentCount":0,"articleSection":["Blogi","suomi"],"inLanguage":"fi","potentialAction":[{"@type":"CommentAction","name":"Comment","target":["https:\/\/elcoline.com\/fi\/suomi-tahroja-paperilla-elcolinen-vuosi-2016\/#respond"]}]},{"@type":"WebPage","@id":"https:\/\/elcoline.com\/fi\/suomi-tahroja-paperilla-elcolinen-vuosi-2016\/","url":"https:\/\/elcoline.com\/fi\/suomi-tahroja-paperilla-elcolinen-vuosi-2016\/","name":"Tahroja paperilla - Elcolinen vuosi 2016 - Elcoline Group","isPartOf":{"@id":"https:\/\/elcoline.com\/fi\/#website"},"datePublished":"2017-01-02T10:06:41+00:00","author":{"@id":"https:\/\/elcoline.com\/fi\/#\/schema\/person\/cd5a31544c5e4cbdee87c0445c93ac99"},"breadcrumb":{"@id":"https:\/\/elcoline.com\/fi\/suomi-tahroja-paperilla-elcolinen-vuosi-2016\/#breadcrumb"},"inLanguage":"fi","potentialAction":[{"@type":"ReadAction","target":["https:\/\/elcoline.com\/fi\/suomi-tahroja-paperilla-elcolinen-vuosi-2016\/"]}]},{"@type":"WebSite","@id":"https:\/\/elcoline.com\/fi\/#website","url":"https:\/\/elcoline.com\/fi\/","name":"Elcoline Group","description":"","potentialAction":[{"@type":"SearchAction","target":{"@type":"EntryPoint","urlTemplate":"https:\/\/elcoline.com\/fi\/?s={search_term_string}"},"query-input":{"@type":"PropertyValueSpecification","valueRequired":true,"valueName":"search_term_string"}}],"inLanguage":"fi"},{"@type":"Person","@id":"https:\/\/elcoline.com\/fi\/#\/schema\/person\/cd5a31544c5e4cbdee87c0445c93ac99","name":"admin","sameAs":["https:\/\/elcoline.lndo.site","admin"],"url":"https:\/\/elcoline.com\/fi\/author\/admin\/"}]}},"pbg_featured_image_src":{"full":false,"thumbnail":false,"medium":false,"medium_large":false,"large":false,"1536x1536":false,"2048x2048":false},"pbg_author_info":{"display_name":"admin","author_link":"https:\/\/elcoline.com\/fi\/author\/admin\/","author_img":false},"pbg_comment_info":" No Comments","pbg_excerpt":"Kun vuonna 2002 laskeskelin armeijan p\u00e4iv\u00e4rahoja yhteen omaan osuuteeni Elcolinen perustamista varten, en olisi uskonut, ett\u00e4 yritykselle tulee viel\u00e4 t\u00e4llainen vuosi mit\u00e4 vuosi 2016 on ollut. Elcoline, jos joku ponnisti pienest\u00e4. Kuten er\u00e4\u00e4ss\u00e4 laulussakin sanotaan,\u00a0\u201dmeid\u00e4n firman tarina se alkoi Transitista\u201d. Matkaan mahtuu jos jonkin n\u00e4k\u00f6isi\u00e4 seikkailuja, mutta niist\u00e4 mielenkiinnoltaan edukseen erottuvat ehdottomasti vuoden 2016 tapahtumat.&hellip;","_links":{"self":[{"href":"https:\/\/elcoline.com\/fi\/wp-json\/wp\/v2\/posts\/45750","targetHints":{"allow":["GET"]}}],"collection":[{"href":"https:\/\/elcoline.com\/fi\/wp-json\/wp\/v2\/posts"}],"about":[{"href":"https:\/\/elcoline.com\/fi\/wp-json\/wp\/v2\/types\/post"}],"author":[{"embeddable":true,"href":"https:\/\/elcoline.com\/fi\/wp-json\/wp\/v2\/users\/10"}],"replies":[{"embeddable":true,"href":"https:\/\/elcoline.com\/fi\/wp-json\/wp\/v2\/comments?post=45750"}],"version-history":[{"count":0,"href":"https:\/\/elcoline.com\/fi\/wp-json\/wp\/v2\/posts\/45750\/revisions"}],"wp:attachment":[{"href":"https:\/\/elcoline.com\/fi\/wp-json\/wp\/v2\/media?parent=45750"}],"wp:term":[{"taxonomy":"category","embeddable":true,"href":"https:\/\/elcoline.com\/fi\/wp-json\/wp\/v2\/categories?post=45750"},{"taxonomy":"post_tag","embeddable":true,"href":"https:\/\/elcoline.com\/fi\/wp-json\/wp\/v2\/tags?post=45750"}],"curies":[{"name":"wp","href":"https:\/\/api.w.org\/{rel}","templated":true}]}}