{"id":45770,"date":"2018-09-25T11:42:10","date_gmt":"2018-09-25T08:42:10","guid":{"rendered":"https:\/\/elcoline.fi\/?p=1217"},"modified":"2018-09-25T11:42:10","modified_gmt":"2018-09-25T08:42:10","slug":"suomi-kannattaako-tavoitteet-kertoa-aaneen","status":"publish","type":"post","link":"https:\/\/elcoline.com\/fi\/suomi-kannattaako-tavoitteet-kertoa-aaneen\/","title":{"rendered":"Kannattaako tavoitteet kertoa \u00e4\u00e4neen?"},"content":{"rendered":"<p>Elettiin vuotta 2015 ja Elcoline Groupin elinkaarta oli takana reilut 10 vuotta. Liikevaihdossa ja henkil\u00f6st\u00f6m\u00e4\u00e4r\u00e4ss\u00e4 oli matkan varrella menty yl\u00f6s ja alas ilman mit\u00e4\u00e4n varsinaista visiota siit\u00e4, mihin sit\u00e4 oikeastaan ollaan menossa. Vuoden 2014 liikevaihto oli nelisen miljoonaa euroa ja henkil\u00f6st\u00f6m\u00e4\u00e4r\u00e4 noin 50. Tuolloin aloimme pohtia, mit\u00e4 oikeasti pidemm\u00e4ll\u00e4 aikav\u00e4lill\u00e4 haluamme t\u00e4lt\u00e4 ty\u00f6paikalta ja yritykselt\u00e4.<\/p>\n<p>Selv\u00e4\u00e4 oli, ett\u00e4 haluamme tehd\u00e4 erinomaisia teknisi\u00e4 urakointi- ja kunnossapitopalveluita teollisuuteen. Mit\u00e4 t\u00e4m\u00e4 sitten vaatisi? Ymm\u00e4rsimme, ett\u00e4 jos haluamme olla ensiluokkaisia t\u00e4ss\u00e4 hommassa, meid\u00e4n pit\u00e4\u00e4 pysty\u00e4 toimittamaan teknisi\u00e4 palveluita teollisille asiakkaillemme monialaisesti ja samalta luukulta \u2013 ymp\u00e4ri maailman. Lis\u00e4ksi n\u00e4imme, ett\u00e4 jos haluamme olla erinomaisia lajissamme, meid\u00e4n on pakko hyp\u00e4t\u00e4 seuraavaan kokoluokkaan.<\/p>\n<p><strong>100 uutta ty\u00f6paikkaa 2020 menness\u00e4<\/strong><\/p>\n<p>Asetimme rohkeat tavoitteet vuodelle 2020. Palvelemme vuonna 2020 asiakkaitamme kokonaisvaltaisesti ja monialaisesti noin 200 henkil\u00f6n voimin. N\u00e4in pystymme tekem\u00e4\u00e4n \u201doikean kokoisia\u201d hommia ja olemaan uskottava kumppani asiakkaillemme. Lupasimme synnytt\u00e4\u00e4 100 uutta ty\u00f6paikkaa Suomeen ja saavuttaa 20 miljoonan euron liikevaihdon. Tavoitteenamme oli my\u00f6s toteuttaa yhdess\u00e4 tarina, joka parhaillaan voisi innostaa muitakin yritt\u00e4ji\u00e4 kasvuun ja ty\u00f6paikkojen luomiseen. Varmistaaksemme sitoutumisemme, julkaisimme tavoitteemme avoimesti Youtubessa Elcoline Channel -kanavalla.<\/p>\n<p>Matka l\u00e4hti k\u00e4yntiin \u2013 vaikeasti! Tuntui, ett\u00e4 kirous laskeutui p\u00e4\u00e4llemme heti, kun aloimme kertoa avoimesti tavoitteistamme. Kauppa ei k\u00e4ynyt eiv\u00e4tk\u00e4 asiat edenneet. Tuli jo ajateltua, ett\u00e4 ei olisi pit\u00e4nyt sanoa mit\u00e4\u00e4n \u00e4\u00e4neen.<\/p>\n<p>Sitten jotain tapahtui ja positiivisia asioita alkoi saapua satamaamme. Toteutimme seuraavien vuosien aikana useita liiketoimintakauppoja onnistuneesti ja saimme kiihdytetty\u00e4 kasvuamme. Suurin kiitos t\u00e4st\u00e4 kuuluu meid\u00e4n sitoutuneelle avaintiimille ja niille kymmenille ja sadoille etulinjan elcolinelaisille, jotka viimek\u00e4dess\u00e4 vastaavat siit\u00e4 ett\u00e4 asiakkaamme \u2013 jotka mahdollistavat kaiken tekemisen \u2013 pysyv\u00e4t tyytyv\u00e4isen\u00e4. T\u00e4n\u00e4 vuonna monelle elcolinelaiselle tulee t\u00e4yteen 10 vuotta yhti\u00f6ss\u00e4. Joillain h\u00e4\u00e4m\u00f6tt\u00e4\u00e4 15 vuoden rajapyykki ja meill\u00e4 perustajilla mittarissa on 16 vuotta yritt\u00e4jyytt\u00e4 Elcolinessa. Paljon on tapahtunut matkan varrella. Ihmiset ovat kehittyneet ja kasvaneet \u00adyrityksen kanssa samassa tahdissa. Jossain tapauksissa voi melkein sanoa, ett\u00e4 on kasvettu aikuiseksi yhdess\u00e4 firman kanssa.<\/p>\n<p><strong>Seuraavalle tasolle <\/strong><\/p>\n<p>Edell\u00e4 kerrottu t\u00e4ht\u00e4si siis vuoteen 2020. Nyt, syksyll\u00e4 2018 alkaa n\u00e4ytt\u00e4\u00e4 silt\u00e4, ett\u00e4 saavutamme nuo tavoitteet jopa huomattavasti nopeammin kuin ajattelimme, k\u00e4yt\u00e4nn\u00f6ss\u00e4 jo t\u00e4n\u00e4 vuonna. Nyt on siis aika mietti\u00e4 uutta p\u00e4\u00e4m\u00e4\u00e4r\u00e4\u00e4. Mihin olemme menossa? Mit\u00e4 meist\u00e4 seuraavaksi tulee? Viimeksi viisinkertaistimme kokoluokkamme muutaman vuoden aikana ja nyt on kenties jotain saman suuntaista kiikarissa. Seuraavan tavoitteemme tulemme kertomaan konkreettisesti viel\u00e4 t\u00e4m\u00e4n syksyn aikana. Joka tapauksessa meit\u00e4 ohjaa edelleen sama johtoajatus: Haluamme tuottaa erinomaisia teknisi\u00e4 urakointi- ja kunnossapitopalveluita teollisille asiakkaillemme. Haluamme my\u00f6s luoda yhdess\u00e4 yrityksen, jossa on tyytyv\u00e4isimm\u00e4t ty\u00f6ntekij\u00e4t ja tyytyv\u00e4isimm\u00e4t asiakkaat. Yrityksen, johon halutaan tulla t\u00f6ihin ja johon halutaan sitoutua. Sellaisen, jossa jokainen joka haluaa, voi kehitty\u00e4 polullaan aina seuraavalle tasolle ja saa siihen kannustuksen ja tuen. T\u00e4ll\u00e4 tavoin tulemme nousemaan yrityksen\u00e4 seuraavalle tasolle.<\/p>\n<p><a href=\"https:\/\/elcoline.fi\/wp-content\/uploads\/2018\/09\/Jere.png\"><img loading=\"lazy\" decoding=\"async\" class=\"alignnone wp-image-1218\" src=\"https:\/\/elcoline.fi\/wp-content\/uploads\/2018\/09\/Jere-1024x774.png\" alt=\"\" width=\"581\" height=\"439\" \/><\/a><\/p>\n<p><em><strong>Jere R\u00e4is\u00e4nen<\/strong><br \/>\n<\/em>Hallituksen puheenjohtaja<\/p>\n<p>Puh. +358 44 5599 144<br \/>\n<a href=\"mailto:jere.raisanen@elcoline.fi\">jere.raisanen@elcoline.fi <\/a><\/p>\n","protected":false},"excerpt":{"rendered":"<p>Elettiin vuotta 2015 ja Elcoline Groupin elinkaarta oli takana reilut 10 vuotta. Liikevaihdossa ja henkil\u00f6st\u00f6m\u00e4\u00e4r\u00e4ss\u00e4 oli matkan varrella menty yl\u00f6s ja alas ilman mit\u00e4\u00e4n varsinaista visiota siit\u00e4, mihin sit\u00e4 oikeastaan ollaan menossa. Vuoden 2014 liikevaihto oli nelisen miljoonaa euroa ja henkil\u00f6st\u00f6m\u00e4\u00e4r\u00e4 noin 50. Tuolloin aloimme pohtia, mit\u00e4 oikeasti pidemm\u00e4ll\u00e4 aikav\u00e4lill\u00e4 haluamme t\u00e4lt\u00e4 ty\u00f6paikalta ja yritykselt\u00e4. [&hellip;]<\/p>\n","protected":false},"author":10,"featured_media":0,"comment_status":"open","ping_status":"closed","sticky":false,"template":"","format":"standard","meta":{"footnotes":""},"categories":[80,50],"tags":[],"class_list":["post-45770","post","type-post","status-publish","format-standard","hentry","category-blog","category-suomi"],"yoast_head":"<!-- This site is optimized with the Yoast SEO plugin v27.5 - https:\/\/yoast.com\/product\/yoast-seo-wordpress\/ -->\n<title>Kannattaako tavoitteet kertoa \u00e4\u00e4neen? - Elcoline Group<\/title>\n<meta name=\"robots\" content=\"index, follow, max-snippet:-1, max-image-preview:large, max-video-preview:-1\" \/>\n<link rel=\"canonical\" href=\"https:\/\/elcoline.com\/fi\/suomi-kannattaako-tavoitteet-kertoa-aaneen\/\" \/>\n<meta property=\"og:locale\" content=\"fi_FI\" \/>\n<meta property=\"og:type\" content=\"article\" \/>\n<meta property=\"og:title\" content=\"Kannattaako tavoitteet kertoa \u00e4\u00e4neen? - Elcoline Group\" \/>\n<meta property=\"og:description\" content=\"Elettiin vuotta 2015 ja Elcoline Groupin elinkaarta oli takana reilut 10 vuotta. Liikevaihdossa ja henkil\u00f6st\u00f6m\u00e4\u00e4r\u00e4ss\u00e4 oli matkan varrella menty yl\u00f6s ja alas ilman mit\u00e4\u00e4n varsinaista visiota siit\u00e4, mihin sit\u00e4 oikeastaan ollaan menossa. Vuoden 2014 liikevaihto oli nelisen miljoonaa euroa ja henkil\u00f6st\u00f6m\u00e4\u00e4r\u00e4 noin 50. Tuolloin aloimme pohtia, mit\u00e4 oikeasti pidemm\u00e4ll\u00e4 aikav\u00e4lill\u00e4 haluamme t\u00e4lt\u00e4 ty\u00f6paikalta ja yritykselt\u00e4. [&hellip;]\" \/>\n<meta property=\"og:url\" content=\"https:\/\/elcoline.com\/fi\/suomi-kannattaako-tavoitteet-kertoa-aaneen\/\" \/>\n<meta property=\"og:site_name\" content=\"Elcoline Group\" \/>\n<meta property=\"article:published_time\" content=\"2018-09-25T08:42:10+00:00\" \/>\n<meta name=\"author\" content=\"admin\" \/>\n<meta name=\"twitter:card\" content=\"summary_large_image\" \/>\n<meta name=\"twitter:label1\" content=\"Kirjoittanut\" \/>\n\t<meta name=\"twitter:data1\" content=\"admin\" \/>\n\t<meta name=\"twitter:label2\" content=\"Arvioitu lukuaika\" \/>\n\t<meta name=\"twitter:data2\" content=\"2 minuuttia\" \/>\n<script type=\"application\/ld+json\" class=\"yoast-schema-graph\">{\"@context\":\"https:\\\/\\\/schema.org\",\"@graph\":[{\"@type\":\"Article\",\"@id\":\"https:\\\/\\\/elcoline.com\\\/fi\\\/suomi-kannattaako-tavoitteet-kertoa-aaneen\\\/#article\",\"isPartOf\":{\"@id\":\"https:\\\/\\\/elcoline.com\\\/fi\\\/suomi-kannattaako-tavoitteet-kertoa-aaneen\\\/\"},\"author\":{\"name\":\"admin\",\"@id\":\"https:\\\/\\\/elcoline.com\\\/fi\\\/#\\\/schema\\\/person\\\/cd5a31544c5e4cbdee87c0445c93ac99\"},\"headline\":\"Kannattaako tavoitteet kertoa \u00e4\u00e4neen?\",\"datePublished\":\"2018-09-25T08:42:10+00:00\",\"mainEntityOfPage\":{\"@id\":\"https:\\\/\\\/elcoline.com\\\/fi\\\/suomi-kannattaako-tavoitteet-kertoa-aaneen\\\/\"},\"wordCount\":493,\"commentCount\":0,\"image\":{\"@id\":\"https:\\\/\\\/elcoline.com\\\/fi\\\/suomi-kannattaako-tavoitteet-kertoa-aaneen\\\/#primaryimage\"},\"thumbnailUrl\":\"https:\\\/\\\/elcoline.fi\\\/wp-content\\\/uploads\\\/2018\\\/09\\\/Jere-1024x774.png\",\"articleSection\":[\"Blogi\",\"suomi\"],\"inLanguage\":\"fi\",\"potentialAction\":[{\"@type\":\"CommentAction\",\"name\":\"Comment\",\"target\":[\"https:\\\/\\\/elcoline.com\\\/fi\\\/suomi-kannattaako-tavoitteet-kertoa-aaneen\\\/#respond\"]}]},{\"@type\":\"WebPage\",\"@id\":\"https:\\\/\\\/elcoline.com\\\/fi\\\/suomi-kannattaako-tavoitteet-kertoa-aaneen\\\/\",\"url\":\"https:\\\/\\\/elcoline.com\\\/fi\\\/suomi-kannattaako-tavoitteet-kertoa-aaneen\\\/\",\"name\":\"Kannattaako tavoitteet kertoa \u00e4\u00e4neen? - Elcoline Group\",\"isPartOf\":{\"@id\":\"https:\\\/\\\/elcoline.com\\\/fi\\\/#website\"},\"primaryImageOfPage\":{\"@id\":\"https:\\\/\\\/elcoline.com\\\/fi\\\/suomi-kannattaako-tavoitteet-kertoa-aaneen\\\/#primaryimage\"},\"image\":{\"@id\":\"https:\\\/\\\/elcoline.com\\\/fi\\\/suomi-kannattaako-tavoitteet-kertoa-aaneen\\\/#primaryimage\"},\"thumbnailUrl\":\"https:\\\/\\\/elcoline.fi\\\/wp-content\\\/uploads\\\/2018\\\/09\\\/Jere-1024x774.png\",\"datePublished\":\"2018-09-25T08:42:10+00:00\",\"author\":{\"@id\":\"https:\\\/\\\/elcoline.com\\\/fi\\\/#\\\/schema\\\/person\\\/cd5a31544c5e4cbdee87c0445c93ac99\"},\"breadcrumb\":{\"@id\":\"https:\\\/\\\/elcoline.com\\\/fi\\\/suomi-kannattaako-tavoitteet-kertoa-aaneen\\\/#breadcrumb\"},\"inLanguage\":\"fi\",\"potentialAction\":[{\"@type\":\"ReadAction\",\"target\":[\"https:\\\/\\\/elcoline.com\\\/fi\\\/suomi-kannattaako-tavoitteet-kertoa-aaneen\\\/\"]}]},{\"@type\":\"ImageObject\",\"inLanguage\":\"fi\",\"@id\":\"https:\\\/\\\/elcoline.com\\\/fi\\\/suomi-kannattaako-tavoitteet-kertoa-aaneen\\\/#primaryimage\",\"url\":\"https:\\\/\\\/elcoline.fi\\\/wp-content\\\/uploads\\\/2018\\\/09\\\/Jere-1024x774.png\",\"contentUrl\":\"https:\\\/\\\/elcoline.fi\\\/wp-content\\\/uploads\\\/2018\\\/09\\\/Jere-1024x774.png\"},{\"@type\":\"WebSite\",\"@id\":\"https:\\\/\\\/elcoline.com\\\/fi\\\/#website\",\"url\":\"https:\\\/\\\/elcoline.com\\\/fi\\\/\",\"name\":\"Elcoline Group\",\"description\":\"\",\"potentialAction\":[{\"@type\":\"SearchAction\",\"target\":{\"@type\":\"EntryPoint\",\"urlTemplate\":\"https:\\\/\\\/elcoline.com\\\/fi\\\/?s={search_term_string}\"},\"query-input\":{\"@type\":\"PropertyValueSpecification\",\"valueRequired\":true,\"valueName\":\"search_term_string\"}}],\"inLanguage\":\"fi\"},{\"@type\":\"Person\",\"@id\":\"https:\\\/\\\/elcoline.com\\\/fi\\\/#\\\/schema\\\/person\\\/cd5a31544c5e4cbdee87c0445c93ac99\",\"name\":\"admin\",\"sameAs\":[\"https:\\\/\\\/elcoline.lndo.site\",\"admin\"],\"url\":\"https:\\\/\\\/elcoline.com\\\/fi\\\/author\\\/admin\\\/\"}]}<\/script>\n<!-- \/ Yoast SEO plugin. -->","yoast_head_json":{"title":"Kannattaako tavoitteet kertoa \u00e4\u00e4neen? - Elcoline Group","robots":{"index":"index","follow":"follow","max-snippet":"max-snippet:-1","max-image-preview":"max-image-preview:large","max-video-preview":"max-video-preview:-1"},"canonical":"https:\/\/elcoline.com\/fi\/suomi-kannattaako-tavoitteet-kertoa-aaneen\/","og_locale":"fi_FI","og_type":"article","og_title":"Kannattaako tavoitteet kertoa \u00e4\u00e4neen? - Elcoline Group","og_description":"Elettiin vuotta 2015 ja Elcoline Groupin elinkaarta oli takana reilut 10 vuotta. Liikevaihdossa ja henkil\u00f6st\u00f6m\u00e4\u00e4r\u00e4ss\u00e4 oli matkan varrella menty yl\u00f6s ja alas ilman mit\u00e4\u00e4n varsinaista visiota siit\u00e4, mihin sit\u00e4 oikeastaan ollaan menossa. Vuoden 2014 liikevaihto oli nelisen miljoonaa euroa ja henkil\u00f6st\u00f6m\u00e4\u00e4r\u00e4 noin 50. Tuolloin aloimme pohtia, mit\u00e4 oikeasti pidemm\u00e4ll\u00e4 aikav\u00e4lill\u00e4 haluamme t\u00e4lt\u00e4 ty\u00f6paikalta ja yritykselt\u00e4. [&hellip;]","og_url":"https:\/\/elcoline.com\/fi\/suomi-kannattaako-tavoitteet-kertoa-aaneen\/","og_site_name":"Elcoline Group","article_published_time":"2018-09-25T08:42:10+00:00","author":"admin","twitter_card":"summary_large_image","twitter_misc":{"Kirjoittanut":"admin","Arvioitu lukuaika":"2 minuuttia"},"schema":{"@context":"https:\/\/schema.org","@graph":[{"@type":"Article","@id":"https:\/\/elcoline.com\/fi\/suomi-kannattaako-tavoitteet-kertoa-aaneen\/#article","isPartOf":{"@id":"https:\/\/elcoline.com\/fi\/suomi-kannattaako-tavoitteet-kertoa-aaneen\/"},"author":{"name":"admin","@id":"https:\/\/elcoline.com\/fi\/#\/schema\/person\/cd5a31544c5e4cbdee87c0445c93ac99"},"headline":"Kannattaako tavoitteet kertoa \u00e4\u00e4neen?","datePublished":"2018-09-25T08:42:10+00:00","mainEntityOfPage":{"@id":"https:\/\/elcoline.com\/fi\/suomi-kannattaako-tavoitteet-kertoa-aaneen\/"},"wordCount":493,"commentCount":0,"image":{"@id":"https:\/\/elcoline.com\/fi\/suomi-kannattaako-tavoitteet-kertoa-aaneen\/#primaryimage"},"thumbnailUrl":"https:\/\/elcoline.fi\/wp-content\/uploads\/2018\/09\/Jere-1024x774.png","articleSection":["Blogi","suomi"],"inLanguage":"fi","potentialAction":[{"@type":"CommentAction","name":"Comment","target":["https:\/\/elcoline.com\/fi\/suomi-kannattaako-tavoitteet-kertoa-aaneen\/#respond"]}]},{"@type":"WebPage","@id":"https:\/\/elcoline.com\/fi\/suomi-kannattaako-tavoitteet-kertoa-aaneen\/","url":"https:\/\/elcoline.com\/fi\/suomi-kannattaako-tavoitteet-kertoa-aaneen\/","name":"Kannattaako tavoitteet kertoa \u00e4\u00e4neen? - Elcoline Group","isPartOf":{"@id":"https:\/\/elcoline.com\/fi\/#website"},"primaryImageOfPage":{"@id":"https:\/\/elcoline.com\/fi\/suomi-kannattaako-tavoitteet-kertoa-aaneen\/#primaryimage"},"image":{"@id":"https:\/\/elcoline.com\/fi\/suomi-kannattaako-tavoitteet-kertoa-aaneen\/#primaryimage"},"thumbnailUrl":"https:\/\/elcoline.fi\/wp-content\/uploads\/2018\/09\/Jere-1024x774.png","datePublished":"2018-09-25T08:42:10+00:00","author":{"@id":"https:\/\/elcoline.com\/fi\/#\/schema\/person\/cd5a31544c5e4cbdee87c0445c93ac99"},"breadcrumb":{"@id":"https:\/\/elcoline.com\/fi\/suomi-kannattaako-tavoitteet-kertoa-aaneen\/#breadcrumb"},"inLanguage":"fi","potentialAction":[{"@type":"ReadAction","target":["https:\/\/elcoline.com\/fi\/suomi-kannattaako-tavoitteet-kertoa-aaneen\/"]}]},{"@type":"ImageObject","inLanguage":"fi","@id":"https:\/\/elcoline.com\/fi\/suomi-kannattaako-tavoitteet-kertoa-aaneen\/#primaryimage","url":"https:\/\/elcoline.fi\/wp-content\/uploads\/2018\/09\/Jere-1024x774.png","contentUrl":"https:\/\/elcoline.fi\/wp-content\/uploads\/2018\/09\/Jere-1024x774.png"},{"@type":"WebSite","@id":"https:\/\/elcoline.com\/fi\/#website","url":"https:\/\/elcoline.com\/fi\/","name":"Elcoline Group","description":"","potentialAction":[{"@type":"SearchAction","target":{"@type":"EntryPoint","urlTemplate":"https:\/\/elcoline.com\/fi\/?s={search_term_string}"},"query-input":{"@type":"PropertyValueSpecification","valueRequired":true,"valueName":"search_term_string"}}],"inLanguage":"fi"},{"@type":"Person","@id":"https:\/\/elcoline.com\/fi\/#\/schema\/person\/cd5a31544c5e4cbdee87c0445c93ac99","name":"admin","sameAs":["https:\/\/elcoline.lndo.site","admin"],"url":"https:\/\/elcoline.com\/fi\/author\/admin\/"}]}},"pbg_featured_image_src":{"full":false,"thumbnail":false,"medium":false,"medium_large":false,"large":false,"1536x1536":false,"2048x2048":false},"pbg_author_info":{"display_name":"admin","author_link":"https:\/\/elcoline.com\/fi\/author\/admin\/","author_img":false},"pbg_comment_info":" No Comments","pbg_excerpt":"Elettiin vuotta 2015 ja Elcoline Groupin elinkaarta oli takana reilut 10 vuotta. Liikevaihdossa ja henkil\u00f6st\u00f6m\u00e4\u00e4r\u00e4ss\u00e4 oli matkan varrella menty yl\u00f6s ja alas ilman mit\u00e4\u00e4n varsinaista visiota siit\u00e4, mihin sit\u00e4 oikeastaan ollaan menossa. Vuoden 2014 liikevaihto oli nelisen miljoonaa euroa ja henkil\u00f6st\u00f6m\u00e4\u00e4r\u00e4 noin 50. Tuolloin aloimme pohtia, mit\u00e4 oikeasti pidemm\u00e4ll\u00e4 aikav\u00e4lill\u00e4 haluamme t\u00e4lt\u00e4 ty\u00f6paikalta ja yritykselt\u00e4.&hellip;","_links":{"self":[{"href":"https:\/\/elcoline.com\/fi\/wp-json\/wp\/v2\/posts\/45770","targetHints":{"allow":["GET"]}}],"collection":[{"href":"https:\/\/elcoline.com\/fi\/wp-json\/wp\/v2\/posts"}],"about":[{"href":"https:\/\/elcoline.com\/fi\/wp-json\/wp\/v2\/types\/post"}],"author":[{"embeddable":true,"href":"https:\/\/elcoline.com\/fi\/wp-json\/wp\/v2\/users\/10"}],"replies":[{"embeddable":true,"href":"https:\/\/elcoline.com\/fi\/wp-json\/wp\/v2\/comments?post=45770"}],"version-history":[{"count":0,"href":"https:\/\/elcoline.com\/fi\/wp-json\/wp\/v2\/posts\/45770\/revisions"}],"wp:attachment":[{"href":"https:\/\/elcoline.com\/fi\/wp-json\/wp\/v2\/media?parent=45770"}],"wp:term":[{"taxonomy":"category","embeddable":true,"href":"https:\/\/elcoline.com\/fi\/wp-json\/wp\/v2\/categories?post=45770"},{"taxonomy":"post_tag","embeddable":true,"href":"https:\/\/elcoline.com\/fi\/wp-json\/wp\/v2\/tags?post=45770"}],"curies":[{"name":"wp","href":"https:\/\/api.w.org\/{rel}","templated":true}]}}