{"id":48226,"date":"2025-09-03T05:39:52","date_gmt":"2025-09-03T05:39:52","guid":{"rendered":"https:\/\/elcoline.com\/?p=48226"},"modified":"2025-09-12T13:18:18","modified_gmt":"2025-09-12T13:18:18","slug":"mika-verronen-elcoline-konsernin-talous-ja-rahoitusjohtajaksi-vahvistamaan-kasvustrategian-toteutusta","status":"publish","type":"post","link":"https:\/\/elcoline.com\/fi\/mika-verronen-elcoline-konsernin-talous-ja-rahoitusjohtajaksi-vahvistamaan-kasvustrategian-toteutusta\/","title":{"rendered":"Mika Verronen Elcoline-konsernin talous- ja rahoitusjohtajaksi vahvistamaan kasvustrategian toteutusta"},"content":{"rendered":"\n<p>Teollisuuden teknisiin palveluihin erikoistunut Elcoline Group on nimitt\u00e4nyt KTM Mika Verrosen talous- ja rahoitusjohtajaksi sek\u00e4 johtoryhm\u00e4n j\u00e4seneksi 1.10.2025 alkaen. Nimitys tukee konsernin kasvustrategiaa ja vahvistaa taloudellista yhten\u00e4isyytt\u00e4 kaikissa konserniyhti\u00f6iss\u00e4, joita ovat Elcoline Oy ja SSG Sahala Oy Suomessa, Elcoline AB Ruotsissa sek\u00e4 Turbiini- ja generaattoripalvelut (TGS) Suomessa ja Ruotsissa.<\/p>\n\n\n\n<p>Mika Verronen tuo mukanaan yli 25 vuoden monipuolisen kokemuksen vaativista talousjohtamisen, strategian, yritysostojen ja liiketoiminnan kehitt\u00e4misen teht\u00e4vist\u00e4 niin Suomessa kuin kansainv\u00e4lisesti. H\u00e4n on aiemmin toiminut johtoteht\u00e4viss\u00e4 muun muassa W\u00e4rtsil\u00e4ss\u00e4 ja Masino Groupissa.<\/p>\n\n\n\n<p>\u201cElcoline on kasvanut viime vuosina merkitt\u00e4v\u00e4sti. Jatkaessamme m\u00e4\u00e4r\u00e4tietoista strategian mukaista kasvua kohti 250 miljoonan euron liikevaihtoa Mika on oikea henkil\u00f6 rakentamaan tiimins\u00e4 kanssa mekanismit, jotka varmistavat konsernimme taloudellisen suorituskyvyn my\u00f6s jatkossa\u201d, sanoo Elcoline-konsernin toimitusjohtaja Elina Engman.<\/p>\n\n\n\n<p>\u201dOn innostavaa p\u00e4\u00e4st\u00e4 hy\u00f6dynt\u00e4m\u00e4\u00e4n kansainv\u00e4list\u00e4 osaamistani yhti\u00f6n strategian ja laajentumisen vauhdittamisessa\u201d, toteaa Elcolinen tuleva talous- ja rahoitusjohtaja Mika Verronen.<\/p>\n\n\n\n<p>Nykyinen talousjohtaja Maria Bark Pettersson keskittyy jatkossa Ruotsin liiketoimintaan.<\/p>\n\n\n\n<p><strong>Lis\u00e4tiedot<\/strong><br>Elina Engman, toimitusjohtaja, Elcoline Group Oy<br>puh. 050 351 4673, elina.engman@elcoline.fi<\/p>\n\n\n\n<p>Elcoline lyhyesti<\/p>\n\n\n\n<p><em>Teollisuus pit\u00e4\u00e4 yhteiskuntamme kunnossa. Elcoline pit\u00e4\u00e4 teollisuuden kunnossa.<\/em><\/p>\n\n\n\n<p>Elcoline on suomalaisl\u00e4ht\u00f6inen kasvuyhti\u00f6, joka toimittaa teknisi\u00e4 palveluita teollisuudelle. Se toimii muun muassa kaivos- ja metalli-, meri-, energia-, puolustus- ja prosessiteollisuudessa Suomessa ja Ruotsissa sek\u00e4 globaalisti huoltosopimuskohteissa.<\/p>\n\n\n\n<p>Elcolinen 1000 ammattilaista ovat erikoistuneet vaativiin teollisiin kunnossapito-, huolto- ja asennust\u00f6ihin, kunnonvalvontaan sek\u00e4 turbiini- ja generaattorihuoltoihin ja -uudistuksiin. Asiakashankkeisiin valmistetaan erikoiskomponentteja my\u00f6s omissa konepajoissa. Yhti\u00f6n liikevaihto vuonna 2025 on noin 150 miljoonaa euroa, ja sen omistavat Evli, Elo, Tesi, Arvo Sijoitusosuuskunta sek\u00e4 yhti\u00f6n perustajat ja henkil\u00f6st\u00f6.<\/p>\n","protected":false},"excerpt":{"rendered":"<p>Teollisuuden teknisiin palveluihin erikoistunut Elcoline Group on nimitt\u00e4nyt KTM Mika Verrosen talous- ja rahoitusjohtajaksi sek\u00e4 johtoryhm\u00e4n j\u00e4seneksi 1.10.2025 alkaen. Nimitys tukee konsernin kasvustrategiaa ja vahvistaa taloudellista yhten\u00e4isyytt\u00e4 kaikissa konserniyhti\u00f6iss\u00e4, joita ovat Elcoline Oy ja SSG Sahala Oy Suomessa, Elcoline AB Ruotsissa sek\u00e4 Turbiini- ja generaattoripalvelut (TGS) Suomessa ja Ruotsissa. Mika Verronen tuo mukanaan yli 25 [&hellip;]<\/p>\n","protected":false},"author":9,"featured_media":47740,"comment_status":"closed","ping_status":"closed","sticky":false,"template":"","format":"standard","meta":{"footnotes":""},"categories":[50,124,51],"tags":[],"class_list":["post-48226","post","type-post","status-publish","format-standard","has-post-thumbnail","hentry","category-suomi","category-uutinen","category-yleinen"],"yoast_head":"<!-- This site is optimized with the Yoast SEO plugin v27.5 - https:\/\/yoast.com\/product\/yoast-seo-wordpress\/ -->\n<title>Mika Verronen Elcoline-konsernin talous- ja rahoitusjohtajaksi vahvistamaan kasvustrategian toteutusta - Elcoline Group<\/title>\n<meta name=\"robots\" content=\"index, follow, max-snippet:-1, max-image-preview:large, max-video-preview:-1\" \/>\n<link rel=\"canonical\" href=\"https:\/\/elcoline.com\/fi\/mika-verronen-elcoline-konsernin-talous-ja-rahoitusjohtajaksi-vahvistamaan-kasvustrategian-toteutusta\/\" \/>\n<meta property=\"og:locale\" content=\"fi_FI\" \/>\n<meta property=\"og:type\" content=\"article\" \/>\n<meta property=\"og:title\" content=\"Mika Verronen Elcoline-konsernin talous- ja rahoitusjohtajaksi vahvistamaan kasvustrategian toteutusta - Elcoline Group\" \/>\n<meta property=\"og:description\" content=\"Teollisuuden teknisiin palveluihin erikoistunut Elcoline Group on nimitt\u00e4nyt KTM Mika Verrosen talous- ja rahoitusjohtajaksi sek\u00e4 johtoryhm\u00e4n j\u00e4seneksi 1.10.2025 alkaen. Nimitys tukee konsernin kasvustrategiaa ja vahvistaa taloudellista yhten\u00e4isyytt\u00e4 kaikissa konserniyhti\u00f6iss\u00e4, joita ovat Elcoline Oy ja SSG Sahala Oy Suomessa, Elcoline AB Ruotsissa sek\u00e4 Turbiini- ja generaattoripalvelut (TGS) Suomessa ja Ruotsissa. Mika Verronen tuo mukanaan yli 25 [&hellip;]\" \/>\n<meta property=\"og:url\" content=\"https:\/\/elcoline.com\/fi\/mika-verronen-elcoline-konsernin-talous-ja-rahoitusjohtajaksi-vahvistamaan-kasvustrategian-toteutusta\/\" \/>\n<meta property=\"og:site_name\" content=\"Elcoline Group\" \/>\n<meta property=\"article:published_time\" content=\"2025-09-03T05:39:52+00:00\" \/>\n<meta property=\"article:modified_time\" content=\"2025-09-12T13:18:18+00:00\" \/>\n<meta property=\"og:image\" content=\"https:\/\/elcoline.com\/wp-content\/uploads\/2025\/09\/Verronen-nimitys-intra.png\" \/>\n\t<meta property=\"og:image:width\" content=\"848\" \/>\n\t<meta property=\"og:image:height\" content=\"678\" \/>\n\t<meta property=\"og:image:type\" content=\"image\/png\" \/>\n<meta name=\"author\" content=\"Jari Huttunen\" \/>\n<meta name=\"twitter:card\" content=\"summary_large_image\" \/>\n<meta name=\"twitter:label1\" content=\"Kirjoittanut\" \/>\n\t<meta name=\"twitter:data1\" content=\"Jari Huttunen\" \/>\n\t<meta name=\"twitter:label2\" content=\"Arvioitu lukuaika\" \/>\n\t<meta name=\"twitter:data2\" content=\"2 minuuttia\" \/>\n<script type=\"application\/ld+json\" class=\"yoast-schema-graph\">{\"@context\":\"https:\\\/\\\/schema.org\",\"@graph\":[{\"@type\":\"Article\",\"@id\":\"https:\\\/\\\/elcoline.com\\\/fi\\\/mika-verronen-elcoline-konsernin-talous-ja-rahoitusjohtajaksi-vahvistamaan-kasvustrategian-toteutusta\\\/#article\",\"isPartOf\":{\"@id\":\"https:\\\/\\\/elcoline.com\\\/fi\\\/mika-verronen-elcoline-konsernin-talous-ja-rahoitusjohtajaksi-vahvistamaan-kasvustrategian-toteutusta\\\/\"},\"author\":{\"name\":\"Jari Huttunen\",\"@id\":\"https:\\\/\\\/elcoline.com\\\/fi\\\/#\\\/schema\\\/person\\\/32577f396e163f2766786a03f1bfbd54\"},\"headline\":\"Mika Verronen Elcoline-konsernin talous- ja rahoitusjohtajaksi vahvistamaan kasvustrategian toteutusta\",\"datePublished\":\"2025-09-03T05:39:52+00:00\",\"dateModified\":\"2025-09-12T13:18:18+00:00\",\"mainEntityOfPage\":{\"@id\":\"https:\\\/\\\/elcoline.com\\\/fi\\\/mika-verronen-elcoline-konsernin-talous-ja-rahoitusjohtajaksi-vahvistamaan-kasvustrategian-toteutusta\\\/\"},\"wordCount\":273,\"image\":{\"@id\":\"https:\\\/\\\/elcoline.com\\\/fi\\\/mika-verronen-elcoline-konsernin-talous-ja-rahoitusjohtajaksi-vahvistamaan-kasvustrategian-toteutusta\\\/#primaryimage\"},\"thumbnailUrl\":\"https:\\\/\\\/elcoline.com\\\/wp-content\\\/uploads\\\/2025\\\/09\\\/Verronen-nimitys-intra.png\",\"articleSection\":[\"suomi\",\"UUTINEN\"],\"inLanguage\":\"fi\"},{\"@type\":\"WebPage\",\"@id\":\"https:\\\/\\\/elcoline.com\\\/fi\\\/mika-verronen-elcoline-konsernin-talous-ja-rahoitusjohtajaksi-vahvistamaan-kasvustrategian-toteutusta\\\/\",\"url\":\"https:\\\/\\\/elcoline.com\\\/fi\\\/mika-verronen-elcoline-konsernin-talous-ja-rahoitusjohtajaksi-vahvistamaan-kasvustrategian-toteutusta\\\/\",\"name\":\"Mika Verronen Elcoline-konsernin talous- ja rahoitusjohtajaksi vahvistamaan kasvustrategian toteutusta - Elcoline Group\",\"isPartOf\":{\"@id\":\"https:\\\/\\\/elcoline.com\\\/fi\\\/#website\"},\"primaryImageOfPage\":{\"@id\":\"https:\\\/\\\/elcoline.com\\\/fi\\\/mika-verronen-elcoline-konsernin-talous-ja-rahoitusjohtajaksi-vahvistamaan-kasvustrategian-toteutusta\\\/#primaryimage\"},\"image\":{\"@id\":\"https:\\\/\\\/elcoline.com\\\/fi\\\/mika-verronen-elcoline-konsernin-talous-ja-rahoitusjohtajaksi-vahvistamaan-kasvustrategian-toteutusta\\\/#primaryimage\"},\"thumbnailUrl\":\"https:\\\/\\\/elcoline.com\\\/wp-content\\\/uploads\\\/2025\\\/09\\\/Verronen-nimitys-intra.png\",\"datePublished\":\"2025-09-03T05:39:52+00:00\",\"dateModified\":\"2025-09-12T13:18:18+00:00\",\"author\":{\"@id\":\"https:\\\/\\\/elcoline.com\\\/fi\\\/#\\\/schema\\\/person\\\/32577f396e163f2766786a03f1bfbd54\"},\"breadcrumb\":{\"@id\":\"https:\\\/\\\/elcoline.com\\\/fi\\\/mika-verronen-elcoline-konsernin-talous-ja-rahoitusjohtajaksi-vahvistamaan-kasvustrategian-toteutusta\\\/#breadcrumb\"},\"inLanguage\":\"fi\",\"potentialAction\":[{\"@type\":\"ReadAction\",\"target\":[\"https:\\\/\\\/elcoline.com\\\/fi\\\/mika-verronen-elcoline-konsernin-talous-ja-rahoitusjohtajaksi-vahvistamaan-kasvustrategian-toteutusta\\\/\"]}]},{\"@type\":\"ImageObject\",\"inLanguage\":\"fi\",\"@id\":\"https:\\\/\\\/elcoline.com\\\/fi\\\/mika-verronen-elcoline-konsernin-talous-ja-rahoitusjohtajaksi-vahvistamaan-kasvustrategian-toteutusta\\\/#primaryimage\",\"url\":\"https:\\\/\\\/elcoline.com\\\/wp-content\\\/uploads\\\/2025\\\/09\\\/Verronen-nimitys-intra.png\",\"contentUrl\":\"https:\\\/\\\/elcoline.com\\\/wp-content\\\/uploads\\\/2025\\\/09\\\/Verronen-nimitys-intra.png\",\"width\":848,\"height\":678,\"caption\":\"Mika Verronen\"},{\"@type\":\"WebSite\",\"@id\":\"https:\\\/\\\/elcoline.com\\\/fi\\\/#website\",\"url\":\"https:\\\/\\\/elcoline.com\\\/fi\\\/\",\"name\":\"Elcoline Group\",\"description\":\"\",\"potentialAction\":[{\"@type\":\"SearchAction\",\"target\":{\"@type\":\"EntryPoint\",\"urlTemplate\":\"https:\\\/\\\/elcoline.com\\\/fi\\\/?s={search_term_string}\"},\"query-input\":{\"@type\":\"PropertyValueSpecification\",\"valueRequired\":true,\"valueName\":\"search_term_string\"}}],\"inLanguage\":\"fi\"},{\"@type\":\"Person\",\"@id\":\"https:\\\/\\\/elcoline.com\\\/fi\\\/#\\\/schema\\\/person\\\/32577f396e163f2766786a03f1bfbd54\",\"name\":\"Jari Huttunen\",\"url\":\"https:\\\/\\\/elcoline.com\\\/fi\\\/author\\\/jari\\\/\"}]}<\/script>\n<!-- \/ Yoast SEO plugin. -->","yoast_head_json":{"title":"Mika Verronen Elcoline-konsernin talous- ja rahoitusjohtajaksi vahvistamaan kasvustrategian toteutusta - Elcoline Group","robots":{"index":"index","follow":"follow","max-snippet":"max-snippet:-1","max-image-preview":"max-image-preview:large","max-video-preview":"max-video-preview:-1"},"canonical":"https:\/\/elcoline.com\/fi\/mika-verronen-elcoline-konsernin-talous-ja-rahoitusjohtajaksi-vahvistamaan-kasvustrategian-toteutusta\/","og_locale":"fi_FI","og_type":"article","og_title":"Mika Verronen Elcoline-konsernin talous- ja rahoitusjohtajaksi vahvistamaan kasvustrategian toteutusta - Elcoline Group","og_description":"Teollisuuden teknisiin palveluihin erikoistunut Elcoline Group on nimitt\u00e4nyt KTM Mika Verrosen talous- ja rahoitusjohtajaksi sek\u00e4 johtoryhm\u00e4n j\u00e4seneksi 1.10.2025 alkaen. Nimitys tukee konsernin kasvustrategiaa ja vahvistaa taloudellista yhten\u00e4isyytt\u00e4 kaikissa konserniyhti\u00f6iss\u00e4, joita ovat Elcoline Oy ja SSG Sahala Oy Suomessa, Elcoline AB Ruotsissa sek\u00e4 Turbiini- ja generaattoripalvelut (TGS) Suomessa ja Ruotsissa. Mika Verronen tuo mukanaan yli 25 [&hellip;]","og_url":"https:\/\/elcoline.com\/fi\/mika-verronen-elcoline-konsernin-talous-ja-rahoitusjohtajaksi-vahvistamaan-kasvustrategian-toteutusta\/","og_site_name":"Elcoline Group","article_published_time":"2025-09-03T05:39:52+00:00","article_modified_time":"2025-09-12T13:18:18+00:00","og_image":[{"width":848,"height":678,"url":"https:\/\/elcoline.com\/wp-content\/uploads\/2025\/09\/Verronen-nimitys-intra.png","type":"image\/png"}],"author":"Jari Huttunen","twitter_card":"summary_large_image","twitter_misc":{"Kirjoittanut":"Jari Huttunen","Arvioitu lukuaika":"2 minuuttia"},"schema":{"@context":"https:\/\/schema.org","@graph":[{"@type":"Article","@id":"https:\/\/elcoline.com\/fi\/mika-verronen-elcoline-konsernin-talous-ja-rahoitusjohtajaksi-vahvistamaan-kasvustrategian-toteutusta\/#article","isPartOf":{"@id":"https:\/\/elcoline.com\/fi\/mika-verronen-elcoline-konsernin-talous-ja-rahoitusjohtajaksi-vahvistamaan-kasvustrategian-toteutusta\/"},"author":{"name":"Jari Huttunen","@id":"https:\/\/elcoline.com\/fi\/#\/schema\/person\/32577f396e163f2766786a03f1bfbd54"},"headline":"Mika Verronen Elcoline-konsernin talous- ja rahoitusjohtajaksi vahvistamaan kasvustrategian toteutusta","datePublished":"2025-09-03T05:39:52+00:00","dateModified":"2025-09-12T13:18:18+00:00","mainEntityOfPage":{"@id":"https:\/\/elcoline.com\/fi\/mika-verronen-elcoline-konsernin-talous-ja-rahoitusjohtajaksi-vahvistamaan-kasvustrategian-toteutusta\/"},"wordCount":273,"image":{"@id":"https:\/\/elcoline.com\/fi\/mika-verronen-elcoline-konsernin-talous-ja-rahoitusjohtajaksi-vahvistamaan-kasvustrategian-toteutusta\/#primaryimage"},"thumbnailUrl":"https:\/\/elcoline.com\/wp-content\/uploads\/2025\/09\/Verronen-nimitys-intra.png","articleSection":["suomi","UUTINEN"],"inLanguage":"fi"},{"@type":"WebPage","@id":"https:\/\/elcoline.com\/fi\/mika-verronen-elcoline-konsernin-talous-ja-rahoitusjohtajaksi-vahvistamaan-kasvustrategian-toteutusta\/","url":"https:\/\/elcoline.com\/fi\/mika-verronen-elcoline-konsernin-talous-ja-rahoitusjohtajaksi-vahvistamaan-kasvustrategian-toteutusta\/","name":"Mika Verronen Elcoline-konsernin talous- ja rahoitusjohtajaksi vahvistamaan kasvustrategian toteutusta - Elcoline Group","isPartOf":{"@id":"https:\/\/elcoline.com\/fi\/#website"},"primaryImageOfPage":{"@id":"https:\/\/elcoline.com\/fi\/mika-verronen-elcoline-konsernin-talous-ja-rahoitusjohtajaksi-vahvistamaan-kasvustrategian-toteutusta\/#primaryimage"},"image":{"@id":"https:\/\/elcoline.com\/fi\/mika-verronen-elcoline-konsernin-talous-ja-rahoitusjohtajaksi-vahvistamaan-kasvustrategian-toteutusta\/#primaryimage"},"thumbnailUrl":"https:\/\/elcoline.com\/wp-content\/uploads\/2025\/09\/Verronen-nimitys-intra.png","datePublished":"2025-09-03T05:39:52+00:00","dateModified":"2025-09-12T13:18:18+00:00","author":{"@id":"https:\/\/elcoline.com\/fi\/#\/schema\/person\/32577f396e163f2766786a03f1bfbd54"},"breadcrumb":{"@id":"https:\/\/elcoline.com\/fi\/mika-verronen-elcoline-konsernin-talous-ja-rahoitusjohtajaksi-vahvistamaan-kasvustrategian-toteutusta\/#breadcrumb"},"inLanguage":"fi","potentialAction":[{"@type":"ReadAction","target":["https:\/\/elcoline.com\/fi\/mika-verronen-elcoline-konsernin-talous-ja-rahoitusjohtajaksi-vahvistamaan-kasvustrategian-toteutusta\/"]}]},{"@type":"ImageObject","inLanguage":"fi","@id":"https:\/\/elcoline.com\/fi\/mika-verronen-elcoline-konsernin-talous-ja-rahoitusjohtajaksi-vahvistamaan-kasvustrategian-toteutusta\/#primaryimage","url":"https:\/\/elcoline.com\/wp-content\/uploads\/2025\/09\/Verronen-nimitys-intra.png","contentUrl":"https:\/\/elcoline.com\/wp-content\/uploads\/2025\/09\/Verronen-nimitys-intra.png","width":848,"height":678,"caption":"Mika Verronen"},{"@type":"WebSite","@id":"https:\/\/elcoline.com\/fi\/#website","url":"https:\/\/elcoline.com\/fi\/","name":"Elcoline Group","description":"","potentialAction":[{"@type":"SearchAction","target":{"@type":"EntryPoint","urlTemplate":"https:\/\/elcoline.com\/fi\/?s={search_term_string}"},"query-input":{"@type":"PropertyValueSpecification","valueRequired":true,"valueName":"search_term_string"}}],"inLanguage":"fi"},{"@type":"Person","@id":"https:\/\/elcoline.com\/fi\/#\/schema\/person\/32577f396e163f2766786a03f1bfbd54","name":"Jari Huttunen","url":"https:\/\/elcoline.com\/fi\/author\/jari\/"}]}},"pbg_featured_image_src":{"full":["https:\/\/elcoline.com\/wp-content\/uploads\/2025\/09\/Verronen-nimitys-intra.png",848,678,false],"thumbnail":["https:\/\/elcoline.com\/wp-content\/uploads\/2025\/09\/Verronen-nimitys-intra-150x150.png",150,150,true],"medium":["https:\/\/elcoline.com\/wp-content\/uploads\/2025\/09\/Verronen-nimitys-intra-300x240.png",300,240,true],"medium_large":["https:\/\/elcoline.com\/wp-content\/uploads\/2025\/09\/Verronen-nimitys-intra-768x614.png",768,614,true],"large":["https:\/\/elcoline.com\/wp-content\/uploads\/2025\/09\/Verronen-nimitys-intra.png",848,678,false],"1536x1536":["https:\/\/elcoline.com\/wp-content\/uploads\/2025\/09\/Verronen-nimitys-intra.png",848,678,false],"2048x2048":["https:\/\/elcoline.com\/wp-content\/uploads\/2025\/09\/Verronen-nimitys-intra.png",848,678,false]},"pbg_author_info":{"display_name":"Jari Huttunen","author_link":"https:\/\/elcoline.com\/fi\/author\/jari\/","author_img":false},"pbg_comment_info":" No Comments","pbg_excerpt":"Teollisuuden teknisiin palveluihin erikoistunut Elcoline Group on nimitt\u00e4nyt KTM Mika Verrosen talous- ja rahoitusjohtajaksi sek\u00e4 johtoryhm\u00e4n j\u00e4seneksi 1.10.2025 alkaen. Nimitys tukee konsernin kasvustrategiaa ja vahvistaa taloudellista yhten\u00e4isyytt\u00e4 kaikissa konserniyhti\u00f6iss\u00e4, joita ovat Elcoline Oy ja SSG Sahala Oy Suomessa, Elcoline AB Ruotsissa sek\u00e4 Turbiini- ja generaattoripalvelut (TGS) Suomessa ja Ruotsissa. Mika Verronen tuo mukanaan yli 25&hellip;","_links":{"self":[{"href":"https:\/\/elcoline.com\/fi\/wp-json\/wp\/v2\/posts\/48226","targetHints":{"allow":["GET"]}}],"collection":[{"href":"https:\/\/elcoline.com\/fi\/wp-json\/wp\/v2\/posts"}],"about":[{"href":"https:\/\/elcoline.com\/fi\/wp-json\/wp\/v2\/types\/post"}],"author":[{"embeddable":true,"href":"https:\/\/elcoline.com\/fi\/wp-json\/wp\/v2\/users\/9"}],"replies":[{"embeddable":true,"href":"https:\/\/elcoline.com\/fi\/wp-json\/wp\/v2\/comments?post=48226"}],"version-history":[{"count":2,"href":"https:\/\/elcoline.com\/fi\/wp-json\/wp\/v2\/posts\/48226\/revisions"}],"predecessor-version":[{"id":48232,"href":"https:\/\/elcoline.com\/fi\/wp-json\/wp\/v2\/posts\/48226\/revisions\/48232"}],"wp:featuredmedia":[{"embeddable":true,"href":"https:\/\/elcoline.com\/fi\/wp-json\/wp\/v2\/media\/47740"}],"wp:attachment":[{"href":"https:\/\/elcoline.com\/fi\/wp-json\/wp\/v2\/media?parent=48226"}],"wp:term":[{"taxonomy":"category","embeddable":true,"href":"https:\/\/elcoline.com\/fi\/wp-json\/wp\/v2\/categories?post=48226"},{"taxonomy":"post_tag","embeddable":true,"href":"https:\/\/elcoline.com\/fi\/wp-json\/wp\/v2\/tags?post=48226"}],"curies":[{"name":"wp","href":"https:\/\/api.w.org\/{rel}","templated":true}]}}