{"id":49639,"date":"2026-04-01T11:01:52","date_gmt":"2026-04-01T08:01:52","guid":{"rendered":"https:\/\/elcoline.com\/marko-luokkanen-nimitetty-talousjohtajaksi-ja-johtoryhman-jaseneksi-27-4\/"},"modified":"2026-04-01T11:07:14","modified_gmt":"2026-04-01T08:07:14","slug":"marko-luokkanen-nimitetty-talousjohtajaksi-ja-johtoryhman-jaseneksi-27-4","status":"publish","type":"post","link":"https:\/\/elcoline.com\/fi\/marko-luokkanen-nimitetty-talousjohtajaksi-ja-johtoryhman-jaseneksi-27-4\/","title":{"rendered":"Marko Luokkanen nimitetty talousjohtajaksi ja johtoryhm\u00e4n j\u00e4seneksi 27.4."},"content":{"rendered":"\n<p>Teollisuuden teknisiin palveluihin erikoistunut Elcoline Group on nimitt\u00e4nyt KTM, eMBA <strong>Marko Luokkasen<\/strong> talousjohtajaksi ja johtoryhm\u00e4n j\u00e4seneksi 27.4. alkaen. Nimityksell\u00e4 Elcoline vahvistaa kasvustrategiansa toteutusta kaikissa konserniyhti\u00f6iss\u00e4 Suomessa ja Ruotsissa.<\/p>\n\n<p>Marko Luokkanen on ty\u00f6skennellyt suurimman osan yli 30-vuotisesta urastaan kansainv\u00e4lisiss\u00e4 talouden johtoteht\u00e4viss\u00e4 Andritzilla. H\u00e4nell\u00e4 on laaja kokemus liiketoiminnan tukemisesta, sopimushallinnasta ja tiedolla johtamisesta.<\/p>\n\n<p>\u201dElcoline on kasvanut viime vuosina merkitt\u00e4v\u00e4sti. Jatkaessamme m\u00e4\u00e4r\u00e4tietoista strategista uudistumista ja kasvua kohti 250 miljoonan euron liikevaihtoa, Marko on erinomainen valinta johtamaan taloutta\u201d, kertoo Elcoline-konsernin toimitusjohtaja <strong>Jere R\u00e4is\u00e4nen<\/strong>.<\/p>\n\n<p>&#8221;Elcolinen tarinaa l\u00e4helt\u00e4 seuranneena on kunnia p\u00e4\u00e4st\u00e4 tekem\u00e4\u00e4n ty\u00f6t\u00e4 osana tiimi\u00e4, joka on sitoutunut viem\u00e4\u00e4n yhti\u00f6t\u00e4 rohkeasti uuteen kasvun vaiheeseen. Kasvun hallinta ja yrityksen strateginen luoviminen muuttuneessa maailmantilanteessa tulee olemaan haastava mutta palkitseva matka\u201d, toteaa Marko Luokkanen itse.<\/p>\n\n<p>V\u00e4liaikaisena talousjohtajana 24.11.2025 l\u00e4htien toiminut <strong>Niko Haavisto<\/strong> j\u00e4tt\u00e4\u00e4 Elcolinen Luokkasen aloitettua, perehdytysjakson j\u00e4lkeen.<\/p>\n\n<p>Lis\u00e4tiedot:<\/p>\n\n<p>Jere R\u00e4is\u00e4nen, toimitusjohtaja, Elcoline Group Oy<br\/>puh. 044 5599 144, jere.raisanen@elcoline.com<br\/><\/p>\n\n<p><strong>Elcoline lyhyesti<\/strong><\/p>\n\n<p>Teollisuus pit\u00e4\u00e4 yhteiskuntamme kunnossa. Elcoline pit\u00e4\u00e4 teollisuuden kunnossa.<\/p>\n\n<p>Elcoline on suomalaisl\u00e4ht\u00f6inen kasvuyhti\u00f6, joka toimittaa teknisi\u00e4 palveluita teollisuudelle Suomessa, Ruotsissa ja globaalisti. Toimialoihimme kuuluvat muun muassa kaivos- ja metalli-, meri-, energia-, puolustus- ja prosessiteollisuus.<\/p>\n\n<p>Elcolinen noin 1000 ammattilaista ovat erikoistuneet vaativiin kunnossapito-, huolto- ja asennust\u00f6ihin, kunnonvalvontaan, sek\u00e4 l\u00e4mm\u00f6nvaihdin-, turbiini- ja generaattorihuoltoihin ja -uudistuksiin. Asiakashankkeisiin valmistetaan erikoiskomponentteja my\u00f6s omissa konepajoissamme.&#13;\nElcolinen liikevaihto vuonna 2025 on noin 150 miljoonaa euroa. Yhti\u00f6n omistavat Evli, Elo, Tesi, Arvo Sijoitusosuuskunta sek\u00e4 perustajat ja henkil\u00f6st\u00f6. &#13;\n<\/p>\n","protected":false},"excerpt":{"rendered":"<p>Teollisuuden teknisiin palveluihin erikoistunut Elcoline Group on nimitt\u00e4nyt KTM, eMBA Marko Luokkasen talousjohtajaksi ja johtoryhm\u00e4n j\u00e4seneksi 27.4. alkaen. Nimityksell\u00e4 Elcoline vahvistaa kasvustrategiansa toteutusta kaikissa konserniyhti\u00f6iss\u00e4 Suomessa ja Ruotsissa. Marko Luokkanen on ty\u00f6skennellyt suurimman osan yli 30-vuotisesta urastaan kansainv\u00e4lisiss\u00e4 talouden johtoteht\u00e4viss\u00e4 Andritzilla. H\u00e4nell\u00e4 on laaja kokemus liiketoiminnan tukemisesta, sopimushallinnasta ja tiedolla johtamisesta. \u201dElcoline on kasvanut viime [&hellip;]<\/p>\n","protected":false},"author":5,"featured_media":49635,"comment_status":"closed","ping_status":"closed","sticky":false,"template":"","format":"standard","meta":{"footnotes":""},"categories":[3],"tags":[],"class_list":["post-49639","post","type-post","status-publish","format-standard","has-post-thumbnail","hentry","category-uncategorized-fi"],"yoast_head":"<!-- This site is optimized with the Yoast SEO plugin v27.5 - https:\/\/yoast.com\/product\/yoast-seo-wordpress\/ -->\n<title>Marko Luokkanen nimitetty talousjohtajaksi ja johtoryhm\u00e4n j\u00e4seneksi 27.4. - Elcoline Group<\/title>\n<meta name=\"robots\" content=\"index, follow, max-snippet:-1, max-image-preview:large, max-video-preview:-1\" \/>\n<link rel=\"canonical\" href=\"https:\/\/elcoline.com\/fi\/marko-luokkanen-nimitetty-talousjohtajaksi-ja-johtoryhman-jaseneksi-27-4\/\" \/>\n<meta property=\"og:locale\" content=\"fi_FI\" \/>\n<meta property=\"og:type\" content=\"article\" \/>\n<meta property=\"og:title\" content=\"Marko Luokkanen nimitetty talousjohtajaksi ja johtoryhm\u00e4n j\u00e4seneksi 27.4. - Elcoline Group\" \/>\n<meta property=\"og:description\" content=\"Teollisuuden teknisiin palveluihin erikoistunut Elcoline Group on nimitt\u00e4nyt KTM, eMBA Marko Luokkasen talousjohtajaksi ja johtoryhm\u00e4n j\u00e4seneksi 27.4. alkaen. Nimityksell\u00e4 Elcoline vahvistaa kasvustrategiansa toteutusta kaikissa konserniyhti\u00f6iss\u00e4 Suomessa ja Ruotsissa. Marko Luokkanen on ty\u00f6skennellyt suurimman osan yli 30-vuotisesta urastaan kansainv\u00e4lisiss\u00e4 talouden johtoteht\u00e4viss\u00e4 Andritzilla. H\u00e4nell\u00e4 on laaja kokemus liiketoiminnan tukemisesta, sopimushallinnasta ja tiedolla johtamisesta. \u201dElcoline on kasvanut viime [&hellip;]\" \/>\n<meta property=\"og:url\" content=\"https:\/\/elcoline.com\/fi\/marko-luokkanen-nimitetty-talousjohtajaksi-ja-johtoryhman-jaseneksi-27-4\/\" \/>\n<meta property=\"og:site_name\" content=\"Elcoline Group\" \/>\n<meta property=\"article:published_time\" content=\"2026-04-01T08:01:52+00:00\" \/>\n<meta property=\"article:modified_time\" content=\"2026-04-01T08:07:14+00:00\" \/>\n<meta property=\"og:image\" content=\"https:\/\/elcoline.com\/wp-content\/uploads\/2026\/04\/Luokkanen-nimitys-2026-04.jpg\" \/>\n\t<meta property=\"og:image:width\" content=\"1300\" \/>\n\t<meta property=\"og:image:height\" content=\"860\" \/>\n\t<meta property=\"og:image:type\" content=\"image\/jpeg\" \/>\n<meta name=\"author\" content=\"Lotta Kinnunen\" \/>\n<meta name=\"twitter:card\" content=\"summary_large_image\" \/>\n<meta name=\"twitter:label1\" content=\"Kirjoittanut\" \/>\n\t<meta name=\"twitter:data1\" content=\"Lotta Kinnunen\" \/>\n\t<meta name=\"twitter:label2\" content=\"Arvioitu lukuaika\" \/>\n\t<meta name=\"twitter:data2\" content=\"1 minuutti\" \/>\n<script type=\"application\/ld+json\" class=\"yoast-schema-graph\">{\"@context\":\"https:\\\/\\\/schema.org\",\"@graph\":[{\"@type\":\"Article\",\"@id\":\"https:\\\/\\\/elcoline.com\\\/fi\\\/marko-luokkanen-nimitetty-talousjohtajaksi-ja-johtoryhman-jaseneksi-27-4\\\/#article\",\"isPartOf\":{\"@id\":\"https:\\\/\\\/elcoline.com\\\/fi\\\/marko-luokkanen-nimitetty-talousjohtajaksi-ja-johtoryhman-jaseneksi-27-4\\\/\"},\"author\":{\"name\":\"Lotta Kinnunen\",\"@id\":\"https:\\\/\\\/elcoline.com\\\/fi\\\/#\\\/schema\\\/person\\\/3b2375e97bd3bf5be84a8ee2094cf920\"},\"headline\":\"Marko Luokkanen nimitetty talousjohtajaksi ja johtoryhm\u00e4n j\u00e4seneksi 27.4.\",\"datePublished\":\"2026-04-01T08:01:52+00:00\",\"dateModified\":\"2026-04-01T08:07:14+00:00\",\"mainEntityOfPage\":{\"@id\":\"https:\\\/\\\/elcoline.com\\\/fi\\\/marko-luokkanen-nimitetty-talousjohtajaksi-ja-johtoryhman-jaseneksi-27-4\\\/\"},\"wordCount\":259,\"image\":{\"@id\":\"https:\\\/\\\/elcoline.com\\\/fi\\\/marko-luokkanen-nimitetty-talousjohtajaksi-ja-johtoryhman-jaseneksi-27-4\\\/#primaryimage\"},\"thumbnailUrl\":\"https:\\\/\\\/elcoline.com\\\/wp-content\\\/uploads\\\/2026\\\/04\\\/Luokkanen-nimitys-2026-04.jpg\",\"articleSection\":[\"Uncategorized @fi\"],\"inLanguage\":\"fi\"},{\"@type\":\"WebPage\",\"@id\":\"https:\\\/\\\/elcoline.com\\\/fi\\\/marko-luokkanen-nimitetty-talousjohtajaksi-ja-johtoryhman-jaseneksi-27-4\\\/\",\"url\":\"https:\\\/\\\/elcoline.com\\\/fi\\\/marko-luokkanen-nimitetty-talousjohtajaksi-ja-johtoryhman-jaseneksi-27-4\\\/\",\"name\":\"Marko Luokkanen nimitetty talousjohtajaksi ja johtoryhm\u00e4n j\u00e4seneksi 27.4. - Elcoline Group\",\"isPartOf\":{\"@id\":\"https:\\\/\\\/elcoline.com\\\/fi\\\/#website\"},\"primaryImageOfPage\":{\"@id\":\"https:\\\/\\\/elcoline.com\\\/fi\\\/marko-luokkanen-nimitetty-talousjohtajaksi-ja-johtoryhman-jaseneksi-27-4\\\/#primaryimage\"},\"image\":{\"@id\":\"https:\\\/\\\/elcoline.com\\\/fi\\\/marko-luokkanen-nimitetty-talousjohtajaksi-ja-johtoryhman-jaseneksi-27-4\\\/#primaryimage\"},\"thumbnailUrl\":\"https:\\\/\\\/elcoline.com\\\/wp-content\\\/uploads\\\/2026\\\/04\\\/Luokkanen-nimitys-2026-04.jpg\",\"datePublished\":\"2026-04-01T08:01:52+00:00\",\"dateModified\":\"2026-04-01T08:07:14+00:00\",\"author\":{\"@id\":\"https:\\\/\\\/elcoline.com\\\/fi\\\/#\\\/schema\\\/person\\\/3b2375e97bd3bf5be84a8ee2094cf920\"},\"breadcrumb\":{\"@id\":\"https:\\\/\\\/elcoline.com\\\/fi\\\/marko-luokkanen-nimitetty-talousjohtajaksi-ja-johtoryhman-jaseneksi-27-4\\\/#breadcrumb\"},\"inLanguage\":\"fi\",\"potentialAction\":[{\"@type\":\"ReadAction\",\"target\":[\"https:\\\/\\\/elcoline.com\\\/fi\\\/marko-luokkanen-nimitetty-talousjohtajaksi-ja-johtoryhman-jaseneksi-27-4\\\/\"]}]},{\"@type\":\"ImageObject\",\"inLanguage\":\"fi\",\"@id\":\"https:\\\/\\\/elcoline.com\\\/fi\\\/marko-luokkanen-nimitetty-talousjohtajaksi-ja-johtoryhman-jaseneksi-27-4\\\/#primaryimage\",\"url\":\"https:\\\/\\\/elcoline.com\\\/wp-content\\\/uploads\\\/2026\\\/04\\\/Luokkanen-nimitys-2026-04.jpg\",\"contentUrl\":\"https:\\\/\\\/elcoline.com\\\/wp-content\\\/uploads\\\/2026\\\/04\\\/Luokkanen-nimitys-2026-04.jpg\",\"width\":1300,\"height\":860},{\"@type\":\"WebSite\",\"@id\":\"https:\\\/\\\/elcoline.com\\\/fi\\\/#website\",\"url\":\"https:\\\/\\\/elcoline.com\\\/fi\\\/\",\"name\":\"Elcoline Group\",\"description\":\"\",\"potentialAction\":[{\"@type\":\"SearchAction\",\"target\":{\"@type\":\"EntryPoint\",\"urlTemplate\":\"https:\\\/\\\/elcoline.com\\\/fi\\\/?s={search_term_string}\"},\"query-input\":{\"@type\":\"PropertyValueSpecification\",\"valueRequired\":true,\"valueName\":\"search_term_string\"}}],\"inLanguage\":\"fi\"},{\"@type\":\"Person\",\"@id\":\"https:\\\/\\\/elcoline.com\\\/fi\\\/#\\\/schema\\\/person\\\/3b2375e97bd3bf5be84a8ee2094cf920\",\"name\":\"Lotta Kinnunen\",\"url\":\"https:\\\/\\\/elcoline.com\\\/fi\\\/author\\\/lotta-kinnunen\\\/\"}]}<\/script>\n<!-- \/ Yoast SEO plugin. -->","yoast_head_json":{"title":"Marko Luokkanen nimitetty talousjohtajaksi ja johtoryhm\u00e4n j\u00e4seneksi 27.4. - Elcoline Group","robots":{"index":"index","follow":"follow","max-snippet":"max-snippet:-1","max-image-preview":"max-image-preview:large","max-video-preview":"max-video-preview:-1"},"canonical":"https:\/\/elcoline.com\/fi\/marko-luokkanen-nimitetty-talousjohtajaksi-ja-johtoryhman-jaseneksi-27-4\/","og_locale":"fi_FI","og_type":"article","og_title":"Marko Luokkanen nimitetty talousjohtajaksi ja johtoryhm\u00e4n j\u00e4seneksi 27.4. - Elcoline Group","og_description":"Teollisuuden teknisiin palveluihin erikoistunut Elcoline Group on nimitt\u00e4nyt KTM, eMBA Marko Luokkasen talousjohtajaksi ja johtoryhm\u00e4n j\u00e4seneksi 27.4. alkaen. Nimityksell\u00e4 Elcoline vahvistaa kasvustrategiansa toteutusta kaikissa konserniyhti\u00f6iss\u00e4 Suomessa ja Ruotsissa. Marko Luokkanen on ty\u00f6skennellyt suurimman osan yli 30-vuotisesta urastaan kansainv\u00e4lisiss\u00e4 talouden johtoteht\u00e4viss\u00e4 Andritzilla. H\u00e4nell\u00e4 on laaja kokemus liiketoiminnan tukemisesta, sopimushallinnasta ja tiedolla johtamisesta. \u201dElcoline on kasvanut viime [&hellip;]","og_url":"https:\/\/elcoline.com\/fi\/marko-luokkanen-nimitetty-talousjohtajaksi-ja-johtoryhman-jaseneksi-27-4\/","og_site_name":"Elcoline Group","article_published_time":"2026-04-01T08:01:52+00:00","article_modified_time":"2026-04-01T08:07:14+00:00","og_image":[{"width":1300,"height":860,"url":"https:\/\/elcoline.com\/wp-content\/uploads\/2026\/04\/Luokkanen-nimitys-2026-04.jpg","type":"image\/jpeg"}],"author":"Lotta Kinnunen","twitter_card":"summary_large_image","twitter_misc":{"Kirjoittanut":"Lotta Kinnunen","Arvioitu lukuaika":"1 minuutti"},"schema":{"@context":"https:\/\/schema.org","@graph":[{"@type":"Article","@id":"https:\/\/elcoline.com\/fi\/marko-luokkanen-nimitetty-talousjohtajaksi-ja-johtoryhman-jaseneksi-27-4\/#article","isPartOf":{"@id":"https:\/\/elcoline.com\/fi\/marko-luokkanen-nimitetty-talousjohtajaksi-ja-johtoryhman-jaseneksi-27-4\/"},"author":{"name":"Lotta Kinnunen","@id":"https:\/\/elcoline.com\/fi\/#\/schema\/person\/3b2375e97bd3bf5be84a8ee2094cf920"},"headline":"Marko Luokkanen nimitetty talousjohtajaksi ja johtoryhm\u00e4n j\u00e4seneksi 27.4.","datePublished":"2026-04-01T08:01:52+00:00","dateModified":"2026-04-01T08:07:14+00:00","mainEntityOfPage":{"@id":"https:\/\/elcoline.com\/fi\/marko-luokkanen-nimitetty-talousjohtajaksi-ja-johtoryhman-jaseneksi-27-4\/"},"wordCount":259,"image":{"@id":"https:\/\/elcoline.com\/fi\/marko-luokkanen-nimitetty-talousjohtajaksi-ja-johtoryhman-jaseneksi-27-4\/#primaryimage"},"thumbnailUrl":"https:\/\/elcoline.com\/wp-content\/uploads\/2026\/04\/Luokkanen-nimitys-2026-04.jpg","articleSection":["Uncategorized @fi"],"inLanguage":"fi"},{"@type":"WebPage","@id":"https:\/\/elcoline.com\/fi\/marko-luokkanen-nimitetty-talousjohtajaksi-ja-johtoryhman-jaseneksi-27-4\/","url":"https:\/\/elcoline.com\/fi\/marko-luokkanen-nimitetty-talousjohtajaksi-ja-johtoryhman-jaseneksi-27-4\/","name":"Marko Luokkanen nimitetty talousjohtajaksi ja johtoryhm\u00e4n j\u00e4seneksi 27.4. - Elcoline Group","isPartOf":{"@id":"https:\/\/elcoline.com\/fi\/#website"},"primaryImageOfPage":{"@id":"https:\/\/elcoline.com\/fi\/marko-luokkanen-nimitetty-talousjohtajaksi-ja-johtoryhman-jaseneksi-27-4\/#primaryimage"},"image":{"@id":"https:\/\/elcoline.com\/fi\/marko-luokkanen-nimitetty-talousjohtajaksi-ja-johtoryhman-jaseneksi-27-4\/#primaryimage"},"thumbnailUrl":"https:\/\/elcoline.com\/wp-content\/uploads\/2026\/04\/Luokkanen-nimitys-2026-04.jpg","datePublished":"2026-04-01T08:01:52+00:00","dateModified":"2026-04-01T08:07:14+00:00","author":{"@id":"https:\/\/elcoline.com\/fi\/#\/schema\/person\/3b2375e97bd3bf5be84a8ee2094cf920"},"breadcrumb":{"@id":"https:\/\/elcoline.com\/fi\/marko-luokkanen-nimitetty-talousjohtajaksi-ja-johtoryhman-jaseneksi-27-4\/#breadcrumb"},"inLanguage":"fi","potentialAction":[{"@type":"ReadAction","target":["https:\/\/elcoline.com\/fi\/marko-luokkanen-nimitetty-talousjohtajaksi-ja-johtoryhman-jaseneksi-27-4\/"]}]},{"@type":"ImageObject","inLanguage":"fi","@id":"https:\/\/elcoline.com\/fi\/marko-luokkanen-nimitetty-talousjohtajaksi-ja-johtoryhman-jaseneksi-27-4\/#primaryimage","url":"https:\/\/elcoline.com\/wp-content\/uploads\/2026\/04\/Luokkanen-nimitys-2026-04.jpg","contentUrl":"https:\/\/elcoline.com\/wp-content\/uploads\/2026\/04\/Luokkanen-nimitys-2026-04.jpg","width":1300,"height":860},{"@type":"WebSite","@id":"https:\/\/elcoline.com\/fi\/#website","url":"https:\/\/elcoline.com\/fi\/","name":"Elcoline Group","description":"","potentialAction":[{"@type":"SearchAction","target":{"@type":"EntryPoint","urlTemplate":"https:\/\/elcoline.com\/fi\/?s={search_term_string}"},"query-input":{"@type":"PropertyValueSpecification","valueRequired":true,"valueName":"search_term_string"}}],"inLanguage":"fi"},{"@type":"Person","@id":"https:\/\/elcoline.com\/fi\/#\/schema\/person\/3b2375e97bd3bf5be84a8ee2094cf920","name":"Lotta Kinnunen","url":"https:\/\/elcoline.com\/fi\/author\/lotta-kinnunen\/"}]}},"pbg_featured_image_src":{"full":["https:\/\/elcoline.com\/wp-content\/uploads\/2026\/04\/Luokkanen-nimitys-2026-04.jpg",1300,860,false],"thumbnail":["https:\/\/elcoline.com\/wp-content\/uploads\/2026\/04\/Luokkanen-nimitys-2026-04-150x150.jpg",150,150,true],"medium":["https:\/\/elcoline.com\/wp-content\/uploads\/2026\/04\/Luokkanen-nimitys-2026-04-300x198.jpg",300,198,true],"medium_large":["https:\/\/elcoline.com\/wp-content\/uploads\/2026\/04\/Luokkanen-nimitys-2026-04-768x508.jpg",768,508,true],"large":["https:\/\/elcoline.com\/wp-content\/uploads\/2026\/04\/Luokkanen-nimitys-2026-04-1024x677.jpg",1024,677,true],"1536x1536":["https:\/\/elcoline.com\/wp-content\/uploads\/2026\/04\/Luokkanen-nimitys-2026-04.jpg",1300,860,false],"2048x2048":["https:\/\/elcoline.com\/wp-content\/uploads\/2026\/04\/Luokkanen-nimitys-2026-04.jpg",1300,860,false]},"pbg_author_info":{"display_name":"Lotta Kinnunen","author_link":"https:\/\/elcoline.com\/fi\/author\/lotta-kinnunen\/","author_img":false},"pbg_comment_info":" No Comments","pbg_excerpt":"Teollisuuden teknisiin palveluihin erikoistunut Elcoline Group on nimitt\u00e4nyt KTM, eMBA Marko Luokkasen talousjohtajaksi ja johtoryhm\u00e4n j\u00e4seneksi 27.4. alkaen. Nimityksell\u00e4 Elcoline vahvistaa kasvustrategiansa toteutusta kaikissa konserniyhti\u00f6iss\u00e4 Suomessa ja Ruotsissa. Marko Luokkanen on ty\u00f6skennellyt suurimman osan yli 30-vuotisesta urastaan kansainv\u00e4lisiss\u00e4 talouden johtoteht\u00e4viss\u00e4 Andritzilla. H\u00e4nell\u00e4 on laaja kokemus liiketoiminnan tukemisesta, sopimushallinnasta ja tiedolla johtamisesta. \u201dElcoline on kasvanut viime&hellip;","_links":{"self":[{"href":"https:\/\/elcoline.com\/fi\/wp-json\/wp\/v2\/posts\/49639","targetHints":{"allow":["GET"]}}],"collection":[{"href":"https:\/\/elcoline.com\/fi\/wp-json\/wp\/v2\/posts"}],"about":[{"href":"https:\/\/elcoline.com\/fi\/wp-json\/wp\/v2\/types\/post"}],"author":[{"embeddable":true,"href":"https:\/\/elcoline.com\/fi\/wp-json\/wp\/v2\/users\/5"}],"replies":[{"embeddable":true,"href":"https:\/\/elcoline.com\/fi\/wp-json\/wp\/v2\/comments?post=49639"}],"version-history":[{"count":1,"href":"https:\/\/elcoline.com\/fi\/wp-json\/wp\/v2\/posts\/49639\/revisions"}],"predecessor-version":[{"id":49640,"href":"https:\/\/elcoline.com\/fi\/wp-json\/wp\/v2\/posts\/49639\/revisions\/49640"}],"wp:featuredmedia":[{"embeddable":true,"href":"https:\/\/elcoline.com\/fi\/wp-json\/wp\/v2\/media\/49635"}],"wp:attachment":[{"href":"https:\/\/elcoline.com\/fi\/wp-json\/wp\/v2\/media?parent=49639"}],"wp:term":[{"taxonomy":"category","embeddable":true,"href":"https:\/\/elcoline.com\/fi\/wp-json\/wp\/v2\/categories?post=49639"},{"taxonomy":"post_tag","embeddable":true,"href":"https:\/\/elcoline.com\/fi\/wp-json\/wp\/v2\/tags?post=49639"}],"curies":[{"name":"wp","href":"https:\/\/api.w.org\/{rel}","templated":true}]}}