{"id":5227,"date":"2019-11-15T12:51:22","date_gmt":"2019-11-15T10:51:22","guid":{"rendered":"https:\/\/elcoline.fi\/?p=5227"},"modified":"2019-11-15T12:51:22","modified_gmt":"2019-11-15T10:51:22","slug":"mika-tapaninaho-svs-supervise-servicen-liiketoimintajohtajaksi","status":"publish","type":"post","link":"https:\/\/elcoline.com\/fi\/mika-tapaninaho-svs-supervise-servicen-liiketoimintajohtajaksi\/","title":{"rendered":"Mika Tapaninaho SVS Supervise Servicen liiketoimintajohtajaksi"},"content":{"rendered":"<p><a href=\"https:\/\/elcoline.fi\/elcoline-oy\/svs-supervise-service-oy\/\">SVS Supervise Servicen<\/a> uutena liiketoimintajohtajana on aloittanut 14.10.\u00a0<strong>Mika Tapaninaho<\/strong>. Tapaninaho on aiemmin toiminut muun muassa Anjalankosken Ter\u00e4sty\u00f6 Oy:n toimitusjohtajana ja Recticel Oy:n tehdasp\u00e4\u00e4llikk\u00f6n\u00e4 Kouvolassa. H\u00e4n on koulutukseltaan konetekniikan diplomi-insin\u00f6\u00f6ri ja valmistuu MBA:ksi l\u00e4hikuukausien aikana.<\/p>\n<p>\u2013 Yksi t\u00e4rkeimmist\u00e4 p\u00e4\u00e4m\u00e4\u00e4rist\u00e4ni on\u00a0kehitt\u00e4\u00e4 olemassa olevia asiakkuuksia, sek\u00e4 l\u00f6yt\u00e4\u00e4 tarjoomaan uudenlaisia tuotteita ja palveluita Elcoline Groupin muiden yksik\u00f6iden palvelulajeista. T\u00e4m\u00e4 vahvistaa yhden kumppanin palvelukonseptia, joka n\u00e4kyy asiakkaille kustannuss\u00e4\u00e4st\u00f6in\u00e4, laajentuneena palveluvalikoimana ja tehokkaampana toimintana,\u00a0Tapaninaho kommentoi.<\/p>\n<h3>Kokemusta kunnossapitoalalta<\/h3>\n<p>\u2013 Uuteen ty\u00f6h\u00f6n hypp\u00e4\u00e4minen on tuntunut luontevalta ja innostavalta. Kokemusta kunnossapitoalalta on kertynyt aiempien t\u00f6iden my\u00f6t\u00e4 ja Elcoline Groupin kasvutarina innostaa. Arvostan sit\u00e4, kuinka yhti\u00f6 on saanut systemaattisesti yll\u00e4pidetty\u00e4 kasvua ja kansainv\u00e4listymist\u00e4 ja kasvun\u00e4lk\u00e4 n\u00e4ytt\u00e4isi kiihtyv\u00e4n ensi vuonna.<\/p>\n<p>Tapaninaho tulee tutustumaan SVS:n asiakkaisiin joulukuusta alkaen. Tapaninahon edelt\u00e4j\u00e4\u00a0<strong>Markku Korpivaara<\/strong>\u00a0jatkaa SVS Supervise Servicess\u00e4 Senior Advisorina.<\/p>\n<p><a href=\"https:\/\/elcoline.fi\/wp-content\/uploads\/2019\/11\/Mika_Tapaninaho_001-Copy2.jpg\"><img loading=\"lazy\" decoding=\"async\" class=\"alignnone size-medium wp-image-4912\" src=\"https:\/\/elcoline.fi\/wp-content\/uploads\/2019\/11\/Mika_Tapaninaho_001-Copy2-300x275.jpg\" alt=\"\" width=\"300\" height=\"275\" \/><\/a><\/p>\n<p><strong>Mika Tapaninaho<\/strong><br \/>\nLiiketoimintajohtaja<br \/>\npuh. +35840 767 5886<br \/>\n<a href=\"mailto:hannu.kokko@superviseservice.fi\">mika.tapaninaho@elcoline.fi<\/a><\/p>\n","protected":false},"excerpt":{"rendered":"<p>SVS Supervise Servicen uutena liiketoimintajohtajana on aloittanut 14.10.\u00a0Mika Tapaninaho. Tapaninaho on aiemmin toiminut muun muassa Anjalankosken Ter\u00e4sty\u00f6 Oy:n toimitusjohtajana ja Recticel Oy:n tehdasp\u00e4\u00e4llikk\u00f6n\u00e4 Kouvolassa. H\u00e4n on koulutukseltaan konetekniikan diplomi-insin\u00f6\u00f6ri ja valmistuu MBA:ksi l\u00e4hikuukausien aikana. \u2013 Yksi t\u00e4rkeimmist\u00e4 p\u00e4\u00e4m\u00e4\u00e4rist\u00e4ni on\u00a0kehitt\u00e4\u00e4 olemassa olevia asiakkuuksia, sek\u00e4 l\u00f6yt\u00e4\u00e4 tarjoomaan uudenlaisia tuotteita ja palveluita Elcoline Groupin muiden yksik\u00f6iden palvelulajeista. T\u00e4m\u00e4 [&hellip;]<\/p>\n","protected":false},"author":10,"featured_media":0,"comment_status":"open","ping_status":"closed","sticky":false,"template":"","format":"standard","meta":{"footnotes":""},"categories":[50,51],"tags":[],"class_list":["post-5227","post","type-post","status-publish","format-standard","hentry","category-suomi","category-yleinen"],"yoast_head":"<!-- This site is optimized with the Yoast SEO plugin v27.5 - https:\/\/yoast.com\/product\/yoast-seo-wordpress\/ -->\n<title>Mika Tapaninaho SVS Supervise Servicen liiketoimintajohtajaksi - Elcoline Group<\/title>\n<meta name=\"robots\" content=\"index, follow, max-snippet:-1, max-image-preview:large, max-video-preview:-1\" \/>\n<link rel=\"canonical\" href=\"https:\/\/elcoline.com\/fi\/mika-tapaninaho-svs-supervise-servicen-liiketoimintajohtajaksi\/\" \/>\n<meta property=\"og:locale\" content=\"fi_FI\" \/>\n<meta property=\"og:type\" content=\"article\" \/>\n<meta property=\"og:title\" content=\"Mika Tapaninaho SVS Supervise Servicen liiketoimintajohtajaksi - Elcoline Group\" \/>\n<meta property=\"og:description\" content=\"SVS Supervise Servicen uutena liiketoimintajohtajana on aloittanut 14.10.\u00a0Mika Tapaninaho. Tapaninaho on aiemmin toiminut muun muassa Anjalankosken Ter\u00e4sty\u00f6 Oy:n toimitusjohtajana ja Recticel Oy:n tehdasp\u00e4\u00e4llikk\u00f6n\u00e4 Kouvolassa. H\u00e4n on koulutukseltaan konetekniikan diplomi-insin\u00f6\u00f6ri ja valmistuu MBA:ksi l\u00e4hikuukausien aikana. \u2013 Yksi t\u00e4rkeimmist\u00e4 p\u00e4\u00e4m\u00e4\u00e4rist\u00e4ni on\u00a0kehitt\u00e4\u00e4 olemassa olevia asiakkuuksia, sek\u00e4 l\u00f6yt\u00e4\u00e4 tarjoomaan uudenlaisia tuotteita ja palveluita Elcoline Groupin muiden yksik\u00f6iden palvelulajeista. T\u00e4m\u00e4 [&hellip;]\" \/>\n<meta property=\"og:url\" content=\"https:\/\/elcoline.com\/fi\/mika-tapaninaho-svs-supervise-servicen-liiketoimintajohtajaksi\/\" \/>\n<meta property=\"og:site_name\" content=\"Elcoline Group\" \/>\n<meta property=\"article:published_time\" content=\"2019-11-15T10:51:22+00:00\" \/>\n<meta name=\"author\" content=\"admin\" \/>\n<meta name=\"twitter:card\" content=\"summary_large_image\" \/>\n<meta name=\"twitter:label1\" content=\"Kirjoittanut\" \/>\n\t<meta name=\"twitter:data1\" content=\"admin\" \/>\n\t<meta name=\"twitter:label2\" content=\"Arvioitu lukuaika\" \/>\n\t<meta name=\"twitter:data2\" content=\"1 minuutti\" \/>\n<script type=\"application\/ld+json\" class=\"yoast-schema-graph\">{\"@context\":\"https:\\\/\\\/schema.org\",\"@graph\":[{\"@type\":\"Article\",\"@id\":\"https:\\\/\\\/elcoline.com\\\/fi\\\/mika-tapaninaho-svs-supervise-servicen-liiketoimintajohtajaksi\\\/#article\",\"isPartOf\":{\"@id\":\"https:\\\/\\\/elcoline.com\\\/fi\\\/mika-tapaninaho-svs-supervise-servicen-liiketoimintajohtajaksi\\\/\"},\"author\":{\"name\":\"admin\",\"@id\":\"https:\\\/\\\/elcoline.com\\\/fi\\\/#\\\/schema\\\/person\\\/cd5a31544c5e4cbdee87c0445c93ac99\"},\"headline\":\"Mika Tapaninaho SVS Supervise Servicen liiketoimintajohtajaksi\",\"datePublished\":\"2019-11-15T10:51:22+00:00\",\"mainEntityOfPage\":{\"@id\":\"https:\\\/\\\/elcoline.com\\\/fi\\\/mika-tapaninaho-svs-supervise-servicen-liiketoimintajohtajaksi\\\/\"},\"wordCount\":172,\"commentCount\":0,\"image\":{\"@id\":\"https:\\\/\\\/elcoline.com\\\/fi\\\/mika-tapaninaho-svs-supervise-servicen-liiketoimintajohtajaksi\\\/#primaryimage\"},\"thumbnailUrl\":\"https:\\\/\\\/elcoline.fi\\\/wp-content\\\/uploads\\\/2019\\\/11\\\/Mika_Tapaninaho_001-Copy2-300x275.jpg\",\"articleSection\":[\"suomi\"],\"inLanguage\":\"fi\",\"potentialAction\":[{\"@type\":\"CommentAction\",\"name\":\"Comment\",\"target\":[\"https:\\\/\\\/elcoline.com\\\/fi\\\/mika-tapaninaho-svs-supervise-servicen-liiketoimintajohtajaksi\\\/#respond\"]}]},{\"@type\":\"WebPage\",\"@id\":\"https:\\\/\\\/elcoline.com\\\/fi\\\/mika-tapaninaho-svs-supervise-servicen-liiketoimintajohtajaksi\\\/\",\"url\":\"https:\\\/\\\/elcoline.com\\\/fi\\\/mika-tapaninaho-svs-supervise-servicen-liiketoimintajohtajaksi\\\/\",\"name\":\"Mika Tapaninaho SVS Supervise Servicen liiketoimintajohtajaksi - Elcoline Group\",\"isPartOf\":{\"@id\":\"https:\\\/\\\/elcoline.com\\\/fi\\\/#website\"},\"primaryImageOfPage\":{\"@id\":\"https:\\\/\\\/elcoline.com\\\/fi\\\/mika-tapaninaho-svs-supervise-servicen-liiketoimintajohtajaksi\\\/#primaryimage\"},\"image\":{\"@id\":\"https:\\\/\\\/elcoline.com\\\/fi\\\/mika-tapaninaho-svs-supervise-servicen-liiketoimintajohtajaksi\\\/#primaryimage\"},\"thumbnailUrl\":\"https:\\\/\\\/elcoline.fi\\\/wp-content\\\/uploads\\\/2019\\\/11\\\/Mika_Tapaninaho_001-Copy2-300x275.jpg\",\"datePublished\":\"2019-11-15T10:51:22+00:00\",\"author\":{\"@id\":\"https:\\\/\\\/elcoline.com\\\/fi\\\/#\\\/schema\\\/person\\\/cd5a31544c5e4cbdee87c0445c93ac99\"},\"breadcrumb\":{\"@id\":\"https:\\\/\\\/elcoline.com\\\/fi\\\/mika-tapaninaho-svs-supervise-servicen-liiketoimintajohtajaksi\\\/#breadcrumb\"},\"inLanguage\":\"fi\",\"potentialAction\":[{\"@type\":\"ReadAction\",\"target\":[\"https:\\\/\\\/elcoline.com\\\/fi\\\/mika-tapaninaho-svs-supervise-servicen-liiketoimintajohtajaksi\\\/\"]}]},{\"@type\":\"ImageObject\",\"inLanguage\":\"fi\",\"@id\":\"https:\\\/\\\/elcoline.com\\\/fi\\\/mika-tapaninaho-svs-supervise-servicen-liiketoimintajohtajaksi\\\/#primaryimage\",\"url\":\"https:\\\/\\\/elcoline.fi\\\/wp-content\\\/uploads\\\/2019\\\/11\\\/Mika_Tapaninaho_001-Copy2-300x275.jpg\",\"contentUrl\":\"https:\\\/\\\/elcoline.fi\\\/wp-content\\\/uploads\\\/2019\\\/11\\\/Mika_Tapaninaho_001-Copy2-300x275.jpg\"},{\"@type\":\"WebSite\",\"@id\":\"https:\\\/\\\/elcoline.com\\\/fi\\\/#website\",\"url\":\"https:\\\/\\\/elcoline.com\\\/fi\\\/\",\"name\":\"Elcoline Group\",\"description\":\"\",\"potentialAction\":[{\"@type\":\"SearchAction\",\"target\":{\"@type\":\"EntryPoint\",\"urlTemplate\":\"https:\\\/\\\/elcoline.com\\\/fi\\\/?s={search_term_string}\"},\"query-input\":{\"@type\":\"PropertyValueSpecification\",\"valueRequired\":true,\"valueName\":\"search_term_string\"}}],\"inLanguage\":\"fi\"},{\"@type\":\"Person\",\"@id\":\"https:\\\/\\\/elcoline.com\\\/fi\\\/#\\\/schema\\\/person\\\/cd5a31544c5e4cbdee87c0445c93ac99\",\"name\":\"admin\",\"sameAs\":[\"https:\\\/\\\/elcoline.lndo.site\",\"admin\"],\"url\":\"https:\\\/\\\/elcoline.com\\\/fi\\\/author\\\/admin\\\/\"}]}<\/script>\n<!-- \/ Yoast SEO plugin. -->","yoast_head_json":{"title":"Mika Tapaninaho SVS Supervise Servicen liiketoimintajohtajaksi - Elcoline Group","robots":{"index":"index","follow":"follow","max-snippet":"max-snippet:-1","max-image-preview":"max-image-preview:large","max-video-preview":"max-video-preview:-1"},"canonical":"https:\/\/elcoline.com\/fi\/mika-tapaninaho-svs-supervise-servicen-liiketoimintajohtajaksi\/","og_locale":"fi_FI","og_type":"article","og_title":"Mika Tapaninaho SVS Supervise Servicen liiketoimintajohtajaksi - Elcoline Group","og_description":"SVS Supervise Servicen uutena liiketoimintajohtajana on aloittanut 14.10.\u00a0Mika Tapaninaho. Tapaninaho on aiemmin toiminut muun muassa Anjalankosken Ter\u00e4sty\u00f6 Oy:n toimitusjohtajana ja Recticel Oy:n tehdasp\u00e4\u00e4llikk\u00f6n\u00e4 Kouvolassa. H\u00e4n on koulutukseltaan konetekniikan diplomi-insin\u00f6\u00f6ri ja valmistuu MBA:ksi l\u00e4hikuukausien aikana. \u2013 Yksi t\u00e4rkeimmist\u00e4 p\u00e4\u00e4m\u00e4\u00e4rist\u00e4ni on\u00a0kehitt\u00e4\u00e4 olemassa olevia asiakkuuksia, sek\u00e4 l\u00f6yt\u00e4\u00e4 tarjoomaan uudenlaisia tuotteita ja palveluita Elcoline Groupin muiden yksik\u00f6iden palvelulajeista. T\u00e4m\u00e4 [&hellip;]","og_url":"https:\/\/elcoline.com\/fi\/mika-tapaninaho-svs-supervise-servicen-liiketoimintajohtajaksi\/","og_site_name":"Elcoline Group","article_published_time":"2019-11-15T10:51:22+00:00","author":"admin","twitter_card":"summary_large_image","twitter_misc":{"Kirjoittanut":"admin","Arvioitu lukuaika":"1 minuutti"},"schema":{"@context":"https:\/\/schema.org","@graph":[{"@type":"Article","@id":"https:\/\/elcoline.com\/fi\/mika-tapaninaho-svs-supervise-servicen-liiketoimintajohtajaksi\/#article","isPartOf":{"@id":"https:\/\/elcoline.com\/fi\/mika-tapaninaho-svs-supervise-servicen-liiketoimintajohtajaksi\/"},"author":{"name":"admin","@id":"https:\/\/elcoline.com\/fi\/#\/schema\/person\/cd5a31544c5e4cbdee87c0445c93ac99"},"headline":"Mika Tapaninaho SVS Supervise Servicen liiketoimintajohtajaksi","datePublished":"2019-11-15T10:51:22+00:00","mainEntityOfPage":{"@id":"https:\/\/elcoline.com\/fi\/mika-tapaninaho-svs-supervise-servicen-liiketoimintajohtajaksi\/"},"wordCount":172,"commentCount":0,"image":{"@id":"https:\/\/elcoline.com\/fi\/mika-tapaninaho-svs-supervise-servicen-liiketoimintajohtajaksi\/#primaryimage"},"thumbnailUrl":"https:\/\/elcoline.fi\/wp-content\/uploads\/2019\/11\/Mika_Tapaninaho_001-Copy2-300x275.jpg","articleSection":["suomi"],"inLanguage":"fi","potentialAction":[{"@type":"CommentAction","name":"Comment","target":["https:\/\/elcoline.com\/fi\/mika-tapaninaho-svs-supervise-servicen-liiketoimintajohtajaksi\/#respond"]}]},{"@type":"WebPage","@id":"https:\/\/elcoline.com\/fi\/mika-tapaninaho-svs-supervise-servicen-liiketoimintajohtajaksi\/","url":"https:\/\/elcoline.com\/fi\/mika-tapaninaho-svs-supervise-servicen-liiketoimintajohtajaksi\/","name":"Mika Tapaninaho SVS Supervise Servicen liiketoimintajohtajaksi - Elcoline Group","isPartOf":{"@id":"https:\/\/elcoline.com\/fi\/#website"},"primaryImageOfPage":{"@id":"https:\/\/elcoline.com\/fi\/mika-tapaninaho-svs-supervise-servicen-liiketoimintajohtajaksi\/#primaryimage"},"image":{"@id":"https:\/\/elcoline.com\/fi\/mika-tapaninaho-svs-supervise-servicen-liiketoimintajohtajaksi\/#primaryimage"},"thumbnailUrl":"https:\/\/elcoline.fi\/wp-content\/uploads\/2019\/11\/Mika_Tapaninaho_001-Copy2-300x275.jpg","datePublished":"2019-11-15T10:51:22+00:00","author":{"@id":"https:\/\/elcoline.com\/fi\/#\/schema\/person\/cd5a31544c5e4cbdee87c0445c93ac99"},"breadcrumb":{"@id":"https:\/\/elcoline.com\/fi\/mika-tapaninaho-svs-supervise-servicen-liiketoimintajohtajaksi\/#breadcrumb"},"inLanguage":"fi","potentialAction":[{"@type":"ReadAction","target":["https:\/\/elcoline.com\/fi\/mika-tapaninaho-svs-supervise-servicen-liiketoimintajohtajaksi\/"]}]},{"@type":"ImageObject","inLanguage":"fi","@id":"https:\/\/elcoline.com\/fi\/mika-tapaninaho-svs-supervise-servicen-liiketoimintajohtajaksi\/#primaryimage","url":"https:\/\/elcoline.fi\/wp-content\/uploads\/2019\/11\/Mika_Tapaninaho_001-Copy2-300x275.jpg","contentUrl":"https:\/\/elcoline.fi\/wp-content\/uploads\/2019\/11\/Mika_Tapaninaho_001-Copy2-300x275.jpg"},{"@type":"WebSite","@id":"https:\/\/elcoline.com\/fi\/#website","url":"https:\/\/elcoline.com\/fi\/","name":"Elcoline Group","description":"","potentialAction":[{"@type":"SearchAction","target":{"@type":"EntryPoint","urlTemplate":"https:\/\/elcoline.com\/fi\/?s={search_term_string}"},"query-input":{"@type":"PropertyValueSpecification","valueRequired":true,"valueName":"search_term_string"}}],"inLanguage":"fi"},{"@type":"Person","@id":"https:\/\/elcoline.com\/fi\/#\/schema\/person\/cd5a31544c5e4cbdee87c0445c93ac99","name":"admin","sameAs":["https:\/\/elcoline.lndo.site","admin"],"url":"https:\/\/elcoline.com\/fi\/author\/admin\/"}]}},"pbg_featured_image_src":{"full":false,"thumbnail":false,"medium":false,"medium_large":false,"large":false,"1536x1536":false,"2048x2048":false},"pbg_author_info":{"display_name":"admin","author_link":"https:\/\/elcoline.com\/fi\/author\/admin\/","author_img":false},"pbg_comment_info":" No Comments","pbg_excerpt":"SVS Supervise Servicen uutena liiketoimintajohtajana on aloittanut 14.10.\u00a0Mika Tapaninaho. Tapaninaho on aiemmin toiminut muun muassa Anjalankosken Ter\u00e4sty\u00f6 Oy:n toimitusjohtajana ja Recticel Oy:n tehdasp\u00e4\u00e4llikk\u00f6n\u00e4 Kouvolassa. H\u00e4n on koulutukseltaan konetekniikan diplomi-insin\u00f6\u00f6ri ja valmistuu MBA:ksi l\u00e4hikuukausien aikana. \u2013 Yksi t\u00e4rkeimmist\u00e4 p\u00e4\u00e4m\u00e4\u00e4rist\u00e4ni on\u00a0kehitt\u00e4\u00e4 olemassa olevia asiakkuuksia, sek\u00e4 l\u00f6yt\u00e4\u00e4 tarjoomaan uudenlaisia tuotteita ja palveluita Elcoline Groupin muiden yksik\u00f6iden palvelulajeista. T\u00e4m\u00e4&hellip;","_links":{"self":[{"href":"https:\/\/elcoline.com\/fi\/wp-json\/wp\/v2\/posts\/5227","targetHints":{"allow":["GET"]}}],"collection":[{"href":"https:\/\/elcoline.com\/fi\/wp-json\/wp\/v2\/posts"}],"about":[{"href":"https:\/\/elcoline.com\/fi\/wp-json\/wp\/v2\/types\/post"}],"author":[{"embeddable":true,"href":"https:\/\/elcoline.com\/fi\/wp-json\/wp\/v2\/users\/10"}],"replies":[{"embeddable":true,"href":"https:\/\/elcoline.com\/fi\/wp-json\/wp\/v2\/comments?post=5227"}],"version-history":[{"count":0,"href":"https:\/\/elcoline.com\/fi\/wp-json\/wp\/v2\/posts\/5227\/revisions"}],"wp:attachment":[{"href":"https:\/\/elcoline.com\/fi\/wp-json\/wp\/v2\/media?parent=5227"}],"wp:term":[{"taxonomy":"category","embeddable":true,"href":"https:\/\/elcoline.com\/fi\/wp-json\/wp\/v2\/categories?post=5227"},{"taxonomy":"post_tag","embeddable":true,"href":"https:\/\/elcoline.com\/fi\/wp-json\/wp\/v2\/tags?post=5227"}],"curies":[{"name":"wp","href":"https:\/\/api.w.org\/{rel}","templated":true}]}}